{"id":2173,"date":"2018-08-11T09:08:07","date_gmt":"2018-08-11T09:08:07","guid":{"rendered":"http:\/\/www.betigazte.net\/?p=2173"},"modified":"2018-08-11T09:08:07","modified_gmt":"2018-08-11T09:08:07","slug":"el-15-de-agosto-salida-montanera-a-goizueta","status":"publish","type":"post","link":"http:\/\/www.betigazte.net\/?p=2173","title":{"rendered":"EL 15 DE AGOSTO SALIDA MONTA\u00d1ERA A GOIZUETA"},"content":{"rendered":"<p>El pr\u00f3ximo 15 de agosto, mi\u00e9rcoles, realizaremos la salida monta\u00f1era anual a Goizueta. La hora de salida ser\u00e1 a las 6:30 de la Plaza Zaharra de Lesakam siendo la duraci\u00f3n del recorrido de 6 horas y media (Lesaka-Loizate-Goizueta).<\/p>\n<p>El \u00faltimo d\u00eda para apuntarse es el 13 de Agosto, llamando a Jes\u00fas (676575107) o Txiku (628088685).<\/p>\n<p>\u00a1Animaros!<\/p>\n","protected":false},"excerpt":{"rendered":"<p>El pr\u00f3ximo 15 de agosto, mi\u00e9rcoles, realizaremos la salida monta\u00f1era anual a Goizueta. La hora de salida ser\u00e1 a las 6:30 de la Plaza Zaharra de Lesakam siendo la duraci\u00f3n del recorrido de 6 horas y media (Lesaka-Loizate-Goizueta). El \u00faltimo&#8230; <a class=\"more-link\" href=\"http:\/\/www.betigazte.net\/?p=2173\">Seguir leyendo &rarr;<\/a><\/p>\n","protected":false},"author":3,"featured_media":2174,"comment_status":"open","ping_status":"open","sticky":false,"template":"","format":"standard","meta":{"spay_email":"","footnotes":"","jetpack_publicize_message":"","jetpack_is_tweetstorm":false,"jetpack_publicize_feature_enabled":true},"categories":[2],"tags":[],"class_list":["post-2173","post","type-post","status-publish","format-standard","has-post-thumbnail","hentry","category-sin-categoria-es"],"jetpack_featured_media_url":"http:\/\/www.betigazte.net\/wp-content\/uploads\/2018\/08\/Salida-Monta\u00f1era-a-Goizueta-Model-001.jpg","jetpack_publicize_connections":[],"jetpack_sharing_enabled":true,"jetpack_shortlink":"https:\/\/wp.me\/p9WiWE-z3","_links":{"self":[{"href":"http:\/\/www.betigazte.net\/index.php?rest_route=\/wp\/v2\/posts\/2173","targetHints":{"allow":["GET"]}}],"collection":[{"href":"http:\/\/www.betigazte.net\/index.php?rest_route=\/wp\/v2\/posts"}],"about":[{"href":"http:\/\/www.betigazte.net\/index.php?rest_route=\/wp\/v2\/types\/post"}],"author":[{"embeddable":true,"href":"http:\/\/www.betigazte.net\/index.php?rest_route=\/wp\/v2\/users\/3"}],"replies":[{"embeddable":true,"href":"http:\/\/www.betigazte.net\/index.php?rest_route=%2Fwp%2Fv2%2Fcomments&post=2173"}],"version-history":[{"count":1,"href":"http:\/\/www.betigazte.net\/index.php?rest_route=\/wp\/v2\/posts\/2173\/revisions"}],"predecessor-version":[{"id":2175,"href":"http:\/\/www.betigazte.net\/index.php?rest_route=\/wp\/v2\/posts\/2173\/revisions\/2175"}],"wp:featuredmedia":[{"embeddable":true,"href":"http:\/\/www.betigazte.net\/index.php?rest_route=\/wp\/v2\/media\/2174"}],"wp:attachment":[{"href":"http:\/\/www.betigazte.net\/index.php?rest_route=%2Fwp%2Fv2%2Fmedia&parent=2173"}],"wp:term":[{"taxonomy":"category","embeddable":true,"href":"http:\/\/www.betigazte.net\/index.php?rest_route=%2Fwp%2Fv2%2Fcategories&post=2173"},{"taxonomy":"post_tag","embeddable":true,"href":"http:\/\/www.betigazte.net\/index.php?rest_route=%2Fwp%2Fv2%2Ftags&post=2173"}],"curies":[{"name":"wp","href":"https:\/\/api.w.org\/{rel}","templated":true}]}}