{"id":2182,"date":"2018-08-16T17:42:41","date_gmt":"2018-08-16T17:42:41","guid":{"rendered":"http:\/\/www.betigazte.net\/?p=2182"},"modified":"2018-08-16T17:42:41","modified_gmt":"2018-08-16T17:42:41","slug":"curso-de-defensa-personal-para-mujeres","status":"publish","type":"post","link":"http:\/\/www.betigazte.net\/?p=2182","title":{"rendered":"CURSO DE DEFENSA PERSONAL PARA MUJERES"},"content":{"rendered":"<p>El pr\u00f3ximo 8 de septiembre daremos comienzo a la primera sesi\u00f3n del Curo de Defensa Personal para Mujeres en la sede del Beti Gazte. El horario es de 9:00 a 11:00 y las sesiones del curso ser\u00e1n una al mes. La primera de ellas es abierta. Para m\u00e1s informaci\u00f3n llamen al n\u00famero de tel\u00e9fono 615755176.<\/p>\n<p>Los temas que se tratar\u00e1n en el curso son los siguientes:<\/p>\n<ul>\n<li>Medidas de prevenci\u00f3n antes de una agresi\u00f3n.<\/li>\n<li>Violencia y maltrato: formas.<\/li>\n<li>Aspectos psicol\u00f3gicos para afrontar una agresi\u00f3n .<\/li>\n<li>Protocolos de actuaci\u00f3n ante diferentes tipos de agresi\u00f3n.<\/li>\n<\/ul>\n<p>\u00a1Animaros y participad!<\/p>\n","protected":false},"excerpt":{"rendered":"<p>El pr\u00f3ximo 8 de septiembre daremos comienzo a la primera sesi\u00f3n del Curo de Defensa Personal para Mujeres en la sede del Beti Gazte. El horario es de 9:00 a 11:00 y las sesiones del curso ser\u00e1n una al mes&#8230;. <a class=\"more-link\" href=\"http:\/\/www.betigazte.net\/?p=2182\">Seguir leyendo &rarr;<\/a><\/p>\n","protected":false},"author":3,"featured_media":2183,"comment_status":"open","ping_status":"open","sticky":false,"template":"","format":"standard","meta":{"spay_email":"","footnotes":"","jetpack_publicize_message":"","jetpack_is_tweetstorm":false,"jetpack_publicize_feature_enabled":true},"categories":[2],"tags":[],"class_list":["post-2182","post","type-post","status-publish","format-standard","has-post-thumbnail","hentry","category-sin-categoria-es"],"jetpack_featured_media_url":"http:\/\/www.betigazte.net\/wp-content\/uploads\/2018\/08\/Defensa-Personal-001.jpg","jetpack_publicize_connections":[],"jetpack_sharing_enabled":true,"jetpack_shortlink":"https:\/\/wp.me\/p9WiWE-zc","_links":{"self":[{"href":"http:\/\/www.betigazte.net\/index.php?rest_route=\/wp\/v2\/posts\/2182","targetHints":{"allow":["GET"]}}],"collection":[{"href":"http:\/\/www.betigazte.net\/index.php?rest_route=\/wp\/v2\/posts"}],"about":[{"href":"http:\/\/www.betigazte.net\/index.php?rest_route=\/wp\/v2\/types\/post"}],"author":[{"embeddable":true,"href":"http:\/\/www.betigazte.net\/index.php?rest_route=\/wp\/v2\/users\/3"}],"replies":[{"embeddable":true,"href":"http:\/\/www.betigazte.net\/index.php?rest_route=%2Fwp%2Fv2%2Fcomments&post=2182"}],"version-history":[{"count":1,"href":"http:\/\/www.betigazte.net\/index.php?rest_route=\/wp\/v2\/posts\/2182\/revisions"}],"predecessor-version":[{"id":2184,"href":"http:\/\/www.betigazte.net\/index.php?rest_route=\/wp\/v2\/posts\/2182\/revisions\/2184"}],"wp:featuredmedia":[{"embeddable":true,"href":"http:\/\/www.betigazte.net\/index.php?rest_route=\/wp\/v2\/media\/2183"}],"wp:attachment":[{"href":"http:\/\/www.betigazte.net\/index.php?rest_route=%2Fwp%2Fv2%2Fmedia&parent=2182"}],"wp:term":[{"taxonomy":"category","embeddable":true,"href":"http:\/\/www.betigazte.net\/index.php?rest_route=%2Fwp%2Fv2%2Fcategories&post=2182"},{"taxonomy":"post_tag","embeddable":true,"href":"http:\/\/www.betigazte.net\/index.php?rest_route=%2Fwp%2Fv2%2Ftags&post=2182"}],"curies":[{"name":"wp","href":"https:\/\/api.w.org\/{rel}","templated":true}]}}