{"id":2186,"date":"2018-08-17T13:21:56","date_gmt":"2018-08-17T13:21:56","guid":{"rendered":"http:\/\/www.betigazte.net\/?p=2186"},"modified":"2018-08-17T13:37:18","modified_gmt":"2018-08-17T13:37:18","slug":"reunion-para-formar-equipos-benjamin-y-alevin-el-martes-21-de-agosto","status":"publish","type":"post","link":"http:\/\/www.betigazte.net\/?p=2186","title":{"rendered":"REUNI\u00d3N PARA FORMAR EQUIPOS BENJAM\u00cdN Y ALEV\u00cdN EL MARTES 21 DE AGOSTO"},"content":{"rendered":"<p>El pr\u00f3ximo 21 de agosto se celebrar\u00e1n en la sede del Beti Gazte las reuniones para formar los equipos Benjam\u00edn y Alev\u00edn de esta temporada 2018-2019.<\/p>\n<p>A la reuni\u00f3n tendr\u00e1n que acudir los jugadores con los padres y madres interesados en apuntarse. A las 18:00 horas se efectuar\u00e1 la reuni\u00f3n de la categor\u00eda Benjam\u00edn (nacidos en 2009-2011) y a las 19:00 la de Alev\u00edn (nacidos 2007-2008).<\/p>\n<p><a href=\"http:\/\/www.betigazte.net\/wp-content\/uploads\/2018\/08\/EQUIPO-DE-F\u00daTBOL-ALEV\u00cdN-1-1-001.jpg\" target=\"_blank\" rel=\"noopener\"><img loading=\"lazy\" decoding=\"async\" class=\"aligncenter wp-image-2188 size-medium\" src=\"http:\/\/www.betigazte.net\/wp-content\/uploads\/2018\/08\/EQUIPO-DE-F\u00daTBOL-ALEV\u00cdN-1-1-001-300x212.jpg\" alt=\"\" width=\"300\" height=\"212\" srcset=\"http:\/\/www.betigazte.net\/wp-content\/uploads\/2018\/08\/EQUIPO-DE-F\u00daTBOL-ALEV\u00cdN-1-1-001-300x212.jpg 300w, http:\/\/www.betigazte.net\/wp-content\/uploads\/2018\/08\/EQUIPO-DE-F\u00daTBOL-ALEV\u00cdN-1-1-001-768x543.jpg 768w, http:\/\/www.betigazte.net\/wp-content\/uploads\/2018\/08\/EQUIPO-DE-F\u00daTBOL-ALEV\u00cdN-1-1-001-1024x724.jpg 1024w, http:\/\/www.betigazte.net\/wp-content\/uploads\/2018\/08\/EQUIPO-DE-F\u00daTBOL-ALEV\u00cdN-1-1-001-945x668.jpg 945w, http:\/\/www.betigazte.net\/wp-content\/uploads\/2018\/08\/EQUIPO-DE-F\u00daTBOL-ALEV\u00cdN-1-1-001-600x424.jpg 600w, http:\/\/www.betigazte.net\/wp-content\/uploads\/2018\/08\/EQUIPO-DE-F\u00daTBOL-ALEV\u00cdN-1-1-001.jpg 1684w\" sizes=\"auto, (max-width: 300px) 100vw, 300px\" \/><\/a><\/p>\n<p>&nbsp;<\/p>\n","protected":false},"excerpt":{"rendered":"<p>El pr\u00f3ximo 21 de agosto se celebrar\u00e1n en la sede del Beti Gazte las reuniones para formar los equipos Benjam\u00edn y Alev\u00edn de esta temporada 2018-2019. A la reuni\u00f3n tendr\u00e1n que acudir los jugadores con los padres y madres interesados&#8230; <a class=\"more-link\" href=\"http:\/\/www.betigazte.net\/?p=2186\">Seguir leyendo &rarr;<\/a><\/p>\n","protected":false},"author":3,"featured_media":2187,"comment_status":"open","ping_status":"open","sticky":false,"template":"","format":"standard","meta":{"spay_email":"","footnotes":"","jetpack_publicize_message":"","jetpack_is_tweetstorm":false,"jetpack_publicize_feature_enabled":true},"categories":[2],"tags":[],"class_list":["post-2186","post","type-post","status-publish","format-standard","has-post-thumbnail","hentry","category-sin-categoria-es"],"jetpack_featured_media_url":"http:\/\/www.betigazte.net\/wp-content\/uploads\/2018\/08\/EQUIPO-DE-F\u00daTBOL-BENJAM\u00cdNc-001.jpg","jetpack_publicize_connections":[],"jetpack_sharing_enabled":true,"jetpack_shortlink":"https:\/\/wp.me\/p9WiWE-zg","_links":{"self":[{"href":"http:\/\/www.betigazte.net\/index.php?rest_route=\/wp\/v2\/posts\/2186","targetHints":{"allow":["GET"]}}],"collection":[{"href":"http:\/\/www.betigazte.net\/index.php?rest_route=\/wp\/v2\/posts"}],"about":[{"href":"http:\/\/www.betigazte.net\/index.php?rest_route=\/wp\/v2\/types\/post"}],"author":[{"embeddable":true,"href":"http:\/\/www.betigazte.net\/index.php?rest_route=\/wp\/v2\/users\/3"}],"replies":[{"embeddable":true,"href":"http:\/\/www.betigazte.net\/index.php?rest_route=%2Fwp%2Fv2%2Fcomments&post=2186"}],"version-history":[{"count":1,"href":"http:\/\/www.betigazte.net\/index.php?rest_route=\/wp\/v2\/posts\/2186\/revisions"}],"predecessor-version":[{"id":2189,"href":"http:\/\/www.betigazte.net\/index.php?rest_route=\/wp\/v2\/posts\/2186\/revisions\/2189"}],"wp:featuredmedia":[{"embeddable":true,"href":"http:\/\/www.betigazte.net\/index.php?rest_route=\/wp\/v2\/media\/2187"}],"wp:attachment":[{"href":"http:\/\/www.betigazte.net\/index.php?rest_route=%2Fwp%2Fv2%2Fmedia&parent=2186"}],"wp:term":[{"taxonomy":"category","embeddable":true,"href":"http:\/\/www.betigazte.net\/index.php?rest_route=%2Fwp%2Fv2%2Fcategories&post=2186"},{"taxonomy":"post_tag","embeddable":true,"href":"http:\/\/www.betigazte.net\/index.php?rest_route=%2Fwp%2Fv2%2Ftags&post=2186"}],"curies":[{"name":"wp","href":"https:\/\/api.w.org\/{rel}","templated":true}]}}