{"id":2198,"date":"2018-08-23T08:53:42","date_gmt":"2018-08-23T08:53:42","guid":{"rendered":"http:\/\/www.betigazte.net\/?p=2198"},"modified":"2018-08-23T08:53:42","modified_gmt":"2018-08-23T08:53:42","slug":"el-26-de-agosto-el-grupo-de-danza-el-linea-del-beti-gazte-en-agerra","status":"publish","type":"post","link":"http:\/\/www.betigazte.net\/?p=2198","title":{"rendered":"EL 26 DE AGOSTO EL GRUPO DE DANZA EL L\u00cdNEA DEL BETI GAZTE EN AGERRA"},"content":{"rendered":"<p>El pr\u00f3ximo 26 de agosto el Grupo de Danza en L\u00ednea del Beti Gazte volver\u00e1 a visitar las fiestas de Agerra por segundo a\u00f1o consecutivo. Despu\u00e9s de ambientar las localidades de Lesaka, Sunbilla y Eltxalar ha llegado el turno de Agerra. El evento comenzar\u00e1 a las 19:00 horas en el barrio beratarra.<\/p>\n<p>\u00a1Animaros y acercaros!<\/p>\n<p>&nbsp;<\/p>\n","protected":false},"excerpt":{"rendered":"<p>El pr\u00f3ximo 26 de agosto el Grupo de Danza en L\u00ednea del Beti Gazte volver\u00e1 a visitar las fiestas de Agerra por segundo a\u00f1o consecutivo. Despu\u00e9s de ambientar las localidades de Lesaka, Sunbilla y Eltxalar ha llegado el turno de&#8230; <a class=\"more-link\" href=\"http:\/\/www.betigazte.net\/?p=2198\">Seguir leyendo &rarr;<\/a><\/p>\n","protected":false},"author":3,"featured_media":2199,"comment_status":"open","ping_status":"open","sticky":false,"template":"","format":"standard","meta":{"spay_email":"","footnotes":"","jetpack_publicize_message":"","jetpack_is_tweetstorm":false,"jetpack_publicize_feature_enabled":true},"categories":[2],"tags":[],"class_list":["post-2198","post","type-post","status-publish","format-standard","has-post-thumbnail","hentry","category-sin-categoria-es"],"jetpack_featured_media_url":"http:\/\/www.betigazte.net\/wp-content\/uploads\/2018\/08\/CZSC5427-1.jpg","jetpack_publicize_connections":[],"jetpack_sharing_enabled":true,"jetpack_shortlink":"https:\/\/wp.me\/p9WiWE-zs","_links":{"self":[{"href":"http:\/\/www.betigazte.net\/index.php?rest_route=\/wp\/v2\/posts\/2198","targetHints":{"allow":["GET"]}}],"collection":[{"href":"http:\/\/www.betigazte.net\/index.php?rest_route=\/wp\/v2\/posts"}],"about":[{"href":"http:\/\/www.betigazte.net\/index.php?rest_route=\/wp\/v2\/types\/post"}],"author":[{"embeddable":true,"href":"http:\/\/www.betigazte.net\/index.php?rest_route=\/wp\/v2\/users\/3"}],"replies":[{"embeddable":true,"href":"http:\/\/www.betigazte.net\/index.php?rest_route=%2Fwp%2Fv2%2Fcomments&post=2198"}],"version-history":[{"count":1,"href":"http:\/\/www.betigazte.net\/index.php?rest_route=\/wp\/v2\/posts\/2198\/revisions"}],"predecessor-version":[{"id":2200,"href":"http:\/\/www.betigazte.net\/index.php?rest_route=\/wp\/v2\/posts\/2198\/revisions\/2200"}],"wp:featuredmedia":[{"embeddable":true,"href":"http:\/\/www.betigazte.net\/index.php?rest_route=\/wp\/v2\/media\/2199"}],"wp:attachment":[{"href":"http:\/\/www.betigazte.net\/index.php?rest_route=%2Fwp%2Fv2%2Fmedia&parent=2198"}],"wp:term":[{"taxonomy":"category","embeddable":true,"href":"http:\/\/www.betigazte.net\/index.php?rest_route=%2Fwp%2Fv2%2Fcategories&post=2198"},{"taxonomy":"post_tag","embeddable":true,"href":"http:\/\/www.betigazte.net\/index.php?rest_route=%2Fwp%2Fv2%2Ftags&post=2198"}],"curies":[{"name":"wp","href":"https:\/\/api.w.org\/{rel}","templated":true}]}}