{"id":2203,"date":"2018-09-03T21:24:40","date_gmt":"2018-09-03T21:24:40","guid":{"rendered":"http:\/\/www.betigazte.net\/?p=2203"},"modified":"2018-09-03T21:37:36","modified_gmt":"2018-09-03T21:37:36","slug":"exitosa-salida-cultural-a-santander","status":"publish","type":"post","link":"http:\/\/www.betigazte.net\/?p=2203","title":{"rendered":"EXITOSA SALIDA CULTURAL A SANTANDER"},"content":{"rendered":"<p>El pasado 29 de agosto un total de 54 personas participaron en la salida cultural anual organizada por el Beti Gazte. Este a\u00f1o la salida ha consistido en visitar la ciudad de Santander.<\/p>\n<p>Con la ayuda de una gu\u00eda pudieron disfrutar de los paisajes de la Playa del Sardinero, el Faro, la Catedral, el Palacio de la Magdalena y sus jardines, as\u00ed como dar un paseo por la parte vieja mientras les explicaban el tipo de construcci\u00f3n e historia de edificios interesantes como el de Bot\u00edn, Correos, Ayuntamiento, etc.<\/p>\n<p>Tras comer un men\u00fa que gust\u00f3 mucho en el restaurante \u201cLa Brocheta\u201d la sobremesa estuvo muy animada con una sesi\u00f3n de cantos de los excursionistas.\u00a0 A la tarde pudieron disfrutar de un tiempo libre para pasear o tomar lo que quisieran hasta las 18:00 horas que cogieron el autob\u00fas de vuelta a Lesaka.<\/p>\n<p>A pesar del mal tiempo, lo cual dificult\u00f3 que disfrutaran del paisaje tan precioso que tiene Santander, el ambiente fue estupendo.<\/p>\n","protected":false},"excerpt":{"rendered":"<p>El pasado 29 de agosto un total de 54 personas participaron en la salida cultural anual organizada por el Beti Gazte. Este a\u00f1o la salida ha consistido en visitar la ciudad de Santander. Con la ayuda de una gu\u00eda pudieron&#8230; <a class=\"more-link\" href=\"http:\/\/www.betigazte.net\/?p=2203\">Seguir leyendo &rarr;<\/a><\/p>\n","protected":false},"author":3,"featured_media":2204,"comment_status":"open","ping_status":"open","sticky":false,"template":"","format":"standard","meta":{"spay_email":"","footnotes":"","jetpack_publicize_message":"","jetpack_is_tweetstorm":false,"jetpack_publicize_feature_enabled":true},"categories":[2],"tags":[],"class_list":["post-2203","post","type-post","status-publish","format-standard","has-post-thumbnail","hentry","category-sin-categoria-es"],"jetpack_featured_media_url":"http:\/\/www.betigazte.net\/wp-content\/uploads\/2018\/09\/Salida-Santander.jpeg","jetpack_publicize_connections":[],"jetpack_sharing_enabled":true,"jetpack_shortlink":"https:\/\/wp.me\/p9WiWE-zx","_links":{"self":[{"href":"http:\/\/www.betigazte.net\/index.php?rest_route=\/wp\/v2\/posts\/2203","targetHints":{"allow":["GET"]}}],"collection":[{"href":"http:\/\/www.betigazte.net\/index.php?rest_route=\/wp\/v2\/posts"}],"about":[{"href":"http:\/\/www.betigazte.net\/index.php?rest_route=\/wp\/v2\/types\/post"}],"author":[{"embeddable":true,"href":"http:\/\/www.betigazte.net\/index.php?rest_route=\/wp\/v2\/users\/3"}],"replies":[{"embeddable":true,"href":"http:\/\/www.betigazte.net\/index.php?rest_route=%2Fwp%2Fv2%2Fcomments&post=2203"}],"version-history":[{"count":2,"href":"http:\/\/www.betigazte.net\/index.php?rest_route=\/wp\/v2\/posts\/2203\/revisions"}],"predecessor-version":[{"id":2210,"href":"http:\/\/www.betigazte.net\/index.php?rest_route=\/wp\/v2\/posts\/2203\/revisions\/2210"}],"wp:featuredmedia":[{"embeddable":true,"href":"http:\/\/www.betigazte.net\/index.php?rest_route=\/wp\/v2\/media\/2204"}],"wp:attachment":[{"href":"http:\/\/www.betigazte.net\/index.php?rest_route=%2Fwp%2Fv2%2Fmedia&parent=2203"}],"wp:term":[{"taxonomy":"category","embeddable":true,"href":"http:\/\/www.betigazte.net\/index.php?rest_route=%2Fwp%2Fv2%2Fcategories&post=2203"},{"taxonomy":"post_tag","embeddable":true,"href":"http:\/\/www.betigazte.net\/index.php?rest_route=%2Fwp%2Fv2%2Ftags&post=2203"}],"curies":[{"name":"wp","href":"https:\/\/api.w.org\/{rel}","templated":true}]}}