{"id":2269,"date":"2018-10-23T09:47:16","date_gmt":"2018-10-23T09:47:16","guid":{"rendered":"http:\/\/www.betigazte.net\/?p=2269"},"modified":"2018-10-26T08:16:14","modified_gmt":"2018-10-26T08:16:14","slug":"4-de-noviembre-salida-montanera-dia-de-la-salud","status":"publish","type":"post","link":"http:\/\/www.betigazte.net\/?p=2269","title":{"rendered":"4 DE NOVIEMBRE: SALIDA MONTA\u00d1ERA &#8211; D\u00cdA DE LA SALUD"},"content":{"rendered":"<p>Como cada a\u00f1o hemos organizado junto con ArcelorMittal salida monta\u00f1era para el 4 de noviembre, domingo. La salida ser\u00e1 a las 8:30 desde la Plaza, teniendo la marcha una duraci\u00f3n de 3,4 horas (14,5km).<\/p>\n<p>El recorrido es Zumarra-Artikutza-Eskas-Zumarra. Har\u00e1n falta coches para desplazarse a Zumarra. A la salida se repartir\u00e1n bocadillos.<\/p>\n<p>Los interesados tienen plazo para apuntarse hasta el 1 de noviembre, debiendo llamar al n\u00famero de tel\u00e9fono 676575107 &#8211; Jes\u00fas.<\/p>\n<p>La salida est\u00e1 abierta a todo el mundo. \u00a1Animaos!<\/p>\n<h5 style=\"text-align: center;\"><em><strong>Para poder descargaros el mapa en vuestros dispositivos, deb\u00e9is clicar las siguientes palabras con el bot\u00f3n derecho de vuestro rat\u00f3n y pulsar el bot\u00f3n \u201cguardar enlace c\u00f3mo\u201d y descargar el archivo:<\/strong><\/em><\/h5>\n<p style=\"text-align: center;\"><a href=\"http:\/\/www.betigazte.net\/wp-content\/uploads\/2018\/10\/Circuito-Artikutza-BG-Arcelor-2018.gpx\">Circuito Artikutza BG Arcelor 2018<\/a><\/p>\n<p>&nbsp;<\/p>\n","protected":false},"excerpt":{"rendered":"<p>Como cada a\u00f1o hemos organizado junto con ArcelorMittal salida monta\u00f1era para el 4 de noviembre, domingo. La salida ser\u00e1 a las 8:30 desde la Plaza, teniendo la marcha una duraci\u00f3n de 3,4 horas (14,5km). El recorrido es Zumarra-Artikutza-Eskas-Zumarra. Har\u00e1n falta&#8230; <a class=\"more-link\" href=\"http:\/\/www.betigazte.net\/?p=2269\">Seguir leyendo &rarr;<\/a><\/p>\n","protected":false},"author":3,"featured_media":2270,"comment_status":"open","ping_status":"open","sticky":false,"template":"","format":"standard","meta":{"spay_email":"","footnotes":"","jetpack_publicize_message":"","jetpack_is_tweetstorm":false,"jetpack_publicize_feature_enabled":true},"categories":[2],"tags":[],"class_list":["post-2269","post","type-post","status-publish","format-standard","has-post-thumbnail","hentry","category-sin-categoria-es"],"jetpack_featured_media_url":"http:\/\/www.betigazte.net\/wp-content\/uploads\/2018\/10\/Arcelor-Beti-Gazte-Irteera-Mendira_Castellano_Con-Perfil-Mode-001.jpg","jetpack_publicize_connections":[],"jetpack_sharing_enabled":true,"jetpack_shortlink":"https:\/\/wp.me\/p9WiWE-AB","_links":{"self":[{"href":"http:\/\/www.betigazte.net\/index.php?rest_route=\/wp\/v2\/posts\/2269","targetHints":{"allow":["GET"]}}],"collection":[{"href":"http:\/\/www.betigazte.net\/index.php?rest_route=\/wp\/v2\/posts"}],"about":[{"href":"http:\/\/www.betigazte.net\/index.php?rest_route=\/wp\/v2\/types\/post"}],"author":[{"embeddable":true,"href":"http:\/\/www.betigazte.net\/index.php?rest_route=\/wp\/v2\/users\/3"}],"replies":[{"embeddable":true,"href":"http:\/\/www.betigazte.net\/index.php?rest_route=%2Fwp%2Fv2%2Fcomments&post=2269"}],"version-history":[{"count":4,"href":"http:\/\/www.betigazte.net\/index.php?rest_route=\/wp\/v2\/posts\/2269\/revisions"}],"predecessor-version":[{"id":2278,"href":"http:\/\/www.betigazte.net\/index.php?rest_route=\/wp\/v2\/posts\/2269\/revisions\/2278"}],"wp:featuredmedia":[{"embeddable":true,"href":"http:\/\/www.betigazte.net\/index.php?rest_route=\/wp\/v2\/media\/2270"}],"wp:attachment":[{"href":"http:\/\/www.betigazte.net\/index.php?rest_route=%2Fwp%2Fv2%2Fmedia&parent=2269"}],"wp:term":[{"taxonomy":"category","embeddable":true,"href":"http:\/\/www.betigazte.net\/index.php?rest_route=%2Fwp%2Fv2%2Fcategories&post=2269"},{"taxonomy":"post_tag","embeddable":true,"href":"http:\/\/www.betigazte.net\/index.php?rest_route=%2Fwp%2Fv2%2Ftags&post=2269"}],"curies":[{"name":"wp","href":"https:\/\/api.w.org\/{rel}","templated":true}]}}