{"id":2290,"date":"2018-11-10T09:38:32","date_gmt":"2018-11-10T09:38:32","guid":{"rendered":"http:\/\/www.betigazte.net\/?p=2290"},"modified":"2018-11-13T09:14:18","modified_gmt":"2018-11-13T09:14:18","slug":"ganadores-del-concurso-de-fotografia-2018-del-beti-gazte","status":"publish","type":"post","link":"http:\/\/www.betigazte.net\/?p=2290","title":{"rendered":"GANADORES DEL CONCURSO DE FOTOGRAF\u00cdA 2018 DEL BETI GAZTE"},"content":{"rendered":"<p>Una vez recibidas las 89 fotograf\u00edas y reunido el jurado, \u00a1Ya tenemos a los ganadores del Concurso de Fotograf\u00eda 2018 del Beti Gazte!<\/p>\n<p>El pasado 3 de noviembre, el jurado compuesto por la lesakarra Irantzu Pastor, el irundarra Fernando Larrukert \u201cLamia\u201d y el beratarra Asier Gogorza se reuni\u00f3 en la Sala Komentuko Eliza de la Casa de Cultura Harriondoa de Lesaka para valorar las fotograf\u00edas presentadas para el Concurso.<\/p>\n<p>Una vez examinadas detenidamente las 89 fotograf\u00eda y tras las correspondientes deliberaciones se decidi\u00f3 premiar los trabajos que m\u00e1s abajo se exponen. El reparto de los premios se llevar\u00e1 a cabo el s\u00e1bado d\u00eda 10 a los 18:00 horas en la Sala Komentuko Eliza de la Casa de Cultura Harriondoa, estando abierto el acto a todo aqu\u00e9l que est\u00e9 interesado.<\/p>\n<p><a href=\"http:\/\/www.betigazte.net\/wp-content\/uploads\/2018\/11\/Cartel-exposici\u00f3n-fotograf\u00edca-2018-001.jpg\" target=\"_blank\" rel=\"noopener\"><img loading=\"lazy\" decoding=\"async\" class=\"alignleft wp-image-2304 size-medium\" src=\"http:\/\/www.betigazte.net\/wp-content\/uploads\/2018\/11\/Cartel-exposici\u00f3n-fotograf\u00edca-2018-001-300x212.jpg\" alt=\"\" width=\"300\" height=\"212\" srcset=\"http:\/\/www.betigazte.net\/wp-content\/uploads\/2018\/11\/Cartel-exposici\u00f3n-fotograf\u00edca-2018-001-300x212.jpg 300w, http:\/\/www.betigazte.net\/wp-content\/uploads\/2018\/11\/Cartel-exposici\u00f3n-fotograf\u00edca-2018-001-768x543.jpg 768w, http:\/\/www.betigazte.net\/wp-content\/uploads\/2018\/11\/Cartel-exposici\u00f3n-fotograf\u00edca-2018-001-1024x724.jpg 1024w, http:\/\/www.betigazte.net\/wp-content\/uploads\/2018\/11\/Cartel-exposici\u00f3n-fotograf\u00edca-2018-001-945x668.jpg 945w, http:\/\/www.betigazte.net\/wp-content\/uploads\/2018\/11\/Cartel-exposici\u00f3n-fotograf\u00edca-2018-001-600x424.jpg 600w, http:\/\/www.betigazte.net\/wp-content\/uploads\/2018\/11\/Cartel-exposici\u00f3n-fotograf\u00edca-2018-001.jpg 1684w\" sizes=\"auto, (max-width: 300px) 100vw, 300px\" \/><\/a>Los premios a repartir ser\u00e1n los siguientes: 1er premio: 350 euros y trofeo. 2\u00ba premio: 250 euros y trofeo. Premio mejor autor local: 200 euros y trofeo. Premio especial a la mejor fotograf\u00eda deportiva: 200 euros y trofeo.<\/p>\n<p>Desde el d\u00eda de 10 de noviembre y hasta el 2 de diciembre, de jueves a s\u00e1bado de 17:00 a 19:30 y domingos de 11:30 a 13:30, podr\u00e9is visualizar las 89 fotograf\u00edas presentadas al Concurso en la exposici\u00f3n que hemos preparado en la Sala Komentuko Eliza de la Casa de Cultura Harriondoa.<\/p>\n<p>\u00a1All\u00ed os esperamos!<\/p>\n<p style=\"text-align: center;\"><strong><a href=\"http:\/\/www.betigazte.net\/wp-content\/uploads\/2018\/11\/1er.-Premio-Tema-libre-2018-14-C-Comunidad-de-vecinos-1.jpg\" target=\"_blank\" rel=\"noopener\"><img loading=\"lazy\" decoding=\"async\" class=\"alignright wp-image-2292 size-medium\" src=\"http:\/\/www.betigazte.net\/wp-content\/uploads\/2018\/11\/1er.-Premio-Tema-libre-2018-14-C-Comunidad-de-vecinos-1-300x225.jpg\" alt=\"\" width=\"300\" height=\"225\" srcset=\"http:\/\/www.betigazte.net\/wp-content\/uploads\/2018\/11\/1er.-Premio-Tema-libre-2018-14-C-Comunidad-de-vecinos-1-300x225.jpg 300w, http:\/\/www.betigazte.net\/wp-content\/uploads\/2018\/11\/1er.-Premio-Tema-libre-2018-14-C-Comunidad-de-vecinos-1-768x575.jpg 768w, http:\/\/www.betigazte.net\/wp-content\/uploads\/2018\/11\/1er.-Premio-Tema-libre-2018-14-C-Comunidad-de-vecinos-1-1024x767.jpg 1024w, http:\/\/www.betigazte.net\/wp-content\/uploads\/2018\/11\/1er.-Premio-Tema-libre-2018-14-C-Comunidad-de-vecinos-1-945x708.jpg 945w, http:\/\/www.betigazte.net\/wp-content\/uploads\/2018\/11\/1er.-Premio-Tema-libre-2018-14-C-Comunidad-de-vecinos-1-600x449.jpg 600w\" sizes=\"auto, (max-width: 300px) 100vw, 300px\" \/><\/a>1er PREMIO<\/strong><\/p>\n<p style=\"text-align: center;\"><em><strong>\u201cCOMUNIDAD DE VECINOS\u201d<\/strong><\/em><\/p>\n<p style=\"text-align: center;\"><strong>Oscar Gask\u00f3n Mara\u00f1\u00f3n<\/strong><\/p>\n<p style=\"text-align: center;\"><strong>Ir\u00fan \u2013 Guip\u00fazcoa<\/strong><\/p>\n<p>&nbsp;<\/p>\n<p>&nbsp;<\/p>\n<p style=\"text-align: center;\"><strong><a href=\"http:\/\/www.betigazte.net\/wp-content\/uploads\/2018\/11\/2\u00aa-Premio-Tema-Libre-2018-04-C-La-Revolution.jpg\" target=\"_blank\" rel=\"noopener\"><img loading=\"lazy\" decoding=\"async\" class=\"alignleft wp-image-2293 size-medium\" src=\"http:\/\/www.betigazte.net\/wp-content\/uploads\/2018\/11\/2\u00aa-Premio-Tema-Libre-2018-04-C-La-Revolution-300x200.jpg\" alt=\"\" width=\"300\" height=\"200\" srcset=\"http:\/\/www.betigazte.net\/wp-content\/uploads\/2018\/11\/2\u00aa-Premio-Tema-Libre-2018-04-C-La-Revolution-300x200.jpg 300w, http:\/\/www.betigazte.net\/wp-content\/uploads\/2018\/11\/2\u00aa-Premio-Tema-Libre-2018-04-C-La-Revolution-768x513.jpg 768w, http:\/\/www.betigazte.net\/wp-content\/uploads\/2018\/11\/2\u00aa-Premio-Tema-Libre-2018-04-C-La-Revolution-1024x684.jpg 1024w, http:\/\/www.betigazte.net\/wp-content\/uploads\/2018\/11\/2\u00aa-Premio-Tema-Libre-2018-04-C-La-Revolution-945x631.jpg 945w, http:\/\/www.betigazte.net\/wp-content\/uploads\/2018\/11\/2\u00aa-Premio-Tema-Libre-2018-04-C-La-Revolution-600x401.jpg 600w\" sizes=\"auto, (max-width: 300px) 100vw, 300px\" \/><\/a><\/strong><strong>2\u00ba PREMIO<\/strong><\/p>\n<p style=\"text-align: center;\"><strong>\u201cLA REVOLUTION\u201d<\/strong><\/p>\n<p style=\"text-align: center;\"><strong>Javier Gern\u00e1ndez Ferreras<\/strong><\/p>\n<p style=\"text-align: center;\"><strong>Castro Urdiales \u2013 Cantabria<\/strong><\/p>\n<p>&nbsp;<\/p>\n<p style=\"text-align: center;\"><strong><a href=\"http:\/\/www.betigazte.net\/wp-content\/uploads\/2018\/11\/Mejor-autor-local-2018-12-C-bere-Tokian.jpg\" target=\"_blank\" rel=\"noopener\"><img loading=\"lazy\" decoding=\"async\" class=\"alignright wp-image-2295 size-medium\" src=\"http:\/\/www.betigazte.net\/wp-content\/uploads\/2018\/11\/Mejor-autor-local-2018-12-C-bere-Tokian-277x300.jpg\" alt=\"\" width=\"277\" height=\"300\" srcset=\"http:\/\/www.betigazte.net\/wp-content\/uploads\/2018\/11\/Mejor-autor-local-2018-12-C-bere-Tokian-277x300.jpg 277w, http:\/\/www.betigazte.net\/wp-content\/uploads\/2018\/11\/Mejor-autor-local-2018-12-C-bere-Tokian-768x831.jpg 768w, http:\/\/www.betigazte.net\/wp-content\/uploads\/2018\/11\/Mejor-autor-local-2018-12-C-bere-Tokian-946x1024.jpg 946w, http:\/\/www.betigazte.net\/wp-content\/uploads\/2018\/11\/Mejor-autor-local-2018-12-C-bere-Tokian-945x1023.jpg 945w, http:\/\/www.betigazte.net\/wp-content\/uploads\/2018\/11\/Mejor-autor-local-2018-12-C-bere-Tokian-600x649.jpg 600w\" sizes=\"auto, (max-width: 277px) 100vw, 277px\" \/><\/a><\/strong><\/p>\n<p>&nbsp;<\/p>\n<p style=\"text-align: center;\"><strong>PREMIO MEJOR AUTOR LOCAL<\/strong><\/p>\n<p style=\"text-align: center;\"><em><strong>\u201cBERE TOKIAN\u201d<\/strong><\/em><\/p>\n<p style=\"text-align: center;\"><strong>Jon Martinez Etxabarri<\/strong><\/p>\n<p style=\"text-align: center;\"><strong>Lesaka \u2013 Navarra<\/strong><\/p>\n<p>&nbsp;<\/p>\n<p>&nbsp;<\/p>\n<p style=\"text-align: center;\"><em><strong><a href=\"http:\/\/www.betigazte.net\/wp-content\/uploads\/2018\/11\/Mejor-Foto-deportiva-2018-20-A-Ciclocross-1.jpg\" target=\"_blank\" rel=\"noopener\"><img loading=\"lazy\" decoding=\"async\" class=\"alignleft wp-image-2297 size-medium\" src=\"http:\/\/www.betigazte.net\/wp-content\/uploads\/2018\/11\/Mejor-Foto-deportiva-2018-20-A-Ciclocross-1-225x300.jpg\" alt=\"\" width=\"225\" height=\"300\" srcset=\"http:\/\/www.betigazte.net\/wp-content\/uploads\/2018\/11\/Mejor-Foto-deportiva-2018-20-A-Ciclocross-1-225x300.jpg 225w, http:\/\/www.betigazte.net\/wp-content\/uploads\/2018\/11\/Mejor-Foto-deportiva-2018-20-A-Ciclocross-1-768x1024.jpg 768w, http:\/\/www.betigazte.net\/wp-content\/uploads\/2018\/11\/Mejor-Foto-deportiva-2018-20-A-Ciclocross-1-945x1260.jpg 945w, http:\/\/www.betigazte.net\/wp-content\/uploads\/2018\/11\/Mejor-Foto-deportiva-2018-20-A-Ciclocross-1-600x800.jpg 600w\" sizes=\"auto, (max-width: 225px) 100vw, 225px\" \/><\/a><\/strong><\/em><\/p>\n<p>&nbsp;<\/p>\n<p style=\"text-align: center;\"><strong>PREMIO ESPECIAL A LA MEJOR FOTOGRAF\u00cdA DEPORTIVA<\/strong><\/p>\n<p style=\"text-align: center;\"><em><strong>\u201cCICLOCROSS-1\u201d<\/strong><\/em><\/p>\n<p style=\"text-align: center;\"><strong>Jos\u00e9 Miguel Romero Barco<\/strong><\/p>\n<p style=\"text-align: center;\"><strong>Ordizia \u2013 Guip\u00fazcoa<\/strong><\/p>\n<p>&nbsp;<\/p>\n<p style=\"text-align: left;\"><strong>Cabe hacer una menci\u00f3n especial a los trabajos que a continuaci\u00f3n se muestran a petici\u00f3n expresa del jurado por gran calidad y quedarse a las puertas de obtener alguno de los premios.<\/strong><\/p>\n<p style=\"text-align: center;\"><strong>Acc\u00e9sit:<\/strong><\/p>\n<p style=\"text-align: center;\"><em><strong><a href=\"http:\/\/www.betigazte.net\/wp-content\/uploads\/2018\/11\/Accesit-2018-29-A-BACOrenfesta-1.jpg\" target=\"_blank\" rel=\"noopener\"><img loading=\"lazy\" decoding=\"async\" class=\"alignright wp-image-2334 \" src=\"http:\/\/www.betigazte.net\/wp-content\/uploads\/2018\/11\/Accesit-2018-29-A-BACOrenfesta-1-222x300.jpg\" alt=\"\" width=\"187\" height=\"253\" srcset=\"http:\/\/www.betigazte.net\/wp-content\/uploads\/2018\/11\/Accesit-2018-29-A-BACOrenfesta-1-222x300.jpg 222w, http:\/\/www.betigazte.net\/wp-content\/uploads\/2018\/11\/Accesit-2018-29-A-BACOrenfesta-1-768x1037.jpg 768w, http:\/\/www.betigazte.net\/wp-content\/uploads\/2018\/11\/Accesit-2018-29-A-BACOrenfesta-1-759x1024.jpg 759w, http:\/\/www.betigazte.net\/wp-content\/uploads\/2018\/11\/Accesit-2018-29-A-BACOrenfesta-1-945x1275.jpg 945w, http:\/\/www.betigazte.net\/wp-content\/uploads\/2018\/11\/Accesit-2018-29-A-BACOrenfesta-1-600x810.jpg 600w\" sizes=\"auto, (max-width: 187px) 100vw, 187px\" \/><\/a><\/strong><\/em><\/p>\n<p>&nbsp;<\/p>\n<p style=\"text-align: center;\"><em><strong>\u201cBACOREN FESTA\u201d<\/strong><\/em><\/p>\n<p style=\"text-align: center;\"><strong>Mikel Hualde Arriada<\/strong><\/p>\n<p style=\"text-align: center;\"><strong>Elizondo \u2013 Navarra<\/strong><\/p>\n<p>&nbsp;<\/p>\n<p style=\"text-align: center;\"><em><strong><a href=\"http:\/\/www.betigazte.net\/wp-content\/uploads\/2018\/11\/Accesit-2018-01-C-11-ojos.jpg\" target=\"_blank\" rel=\"noopener\"><img loading=\"lazy\" decoding=\"async\" class=\"alignleft wp-image-2299 size-medium\" src=\"http:\/\/www.betigazte.net\/wp-content\/uploads\/2018\/11\/Accesit-2018-01-C-11-ojos-300x225.jpg\" alt=\"\" width=\"300\" height=\"225\" srcset=\"http:\/\/www.betigazte.net\/wp-content\/uploads\/2018\/11\/Accesit-2018-01-C-11-ojos-300x225.jpg 300w, http:\/\/www.betigazte.net\/wp-content\/uploads\/2018\/11\/Accesit-2018-01-C-11-ojos-768x576.jpg 768w, http:\/\/www.betigazte.net\/wp-content\/uploads\/2018\/11\/Accesit-2018-01-C-11-ojos-1024x768.jpg 1024w, http:\/\/www.betigazte.net\/wp-content\/uploads\/2018\/11\/Accesit-2018-01-C-11-ojos-945x709.jpg 945w, http:\/\/www.betigazte.net\/wp-content\/uploads\/2018\/11\/Accesit-2018-01-C-11-ojos-600x450.jpg 600w\" sizes=\"auto, (max-width: 300px) 100vw, 300px\" \/><\/a><\/strong><\/em><\/p>\n<p>&nbsp;<\/p>\n<p style=\"text-align: center;\"><em><strong>\u201c11 OJOS\u201d<\/strong><\/em><\/p>\n<p style=\"text-align: center;\"><strong>Jes\u00fas Hern\u00e1ndez S\u00e1nchez<\/strong><\/p>\n<p style=\"text-align: center;\"><strong>Ir\u00fan \u2013 Guip\u00fazcoa<\/strong><\/p>\n<p>&nbsp;<\/p>\n<p>&nbsp;<\/p>\n<p style=\"text-align: center;\"><em><strong><a href=\"http:\/\/www.betigazte.net\/wp-content\/uploads\/2018\/11\/Accesit-2018-03-C-Despues-de-la-tormenta.jpg\" target=\"_blank\" rel=\"noopener\"><img loading=\"lazy\" decoding=\"async\" class=\"wp-image-2298 size-medium alignright\" src=\"http:\/\/www.betigazte.net\/wp-content\/uploads\/2018\/11\/Accesit-2018-03-C-Despues-de-la-tormenta-300x202.jpg\" alt=\"\" width=\"300\" height=\"202\" srcset=\"http:\/\/www.betigazte.net\/wp-content\/uploads\/2018\/11\/Accesit-2018-03-C-Despues-de-la-tormenta-300x202.jpg 300w, http:\/\/www.betigazte.net\/wp-content\/uploads\/2018\/11\/Accesit-2018-03-C-Despues-de-la-tormenta-768x518.jpg 768w, http:\/\/www.betigazte.net\/wp-content\/uploads\/2018\/11\/Accesit-2018-03-C-Despues-de-la-tormenta-1024x691.jpg 1024w, http:\/\/www.betigazte.net\/wp-content\/uploads\/2018\/11\/Accesit-2018-03-C-Despues-de-la-tormenta-945x638.jpg 945w, http:\/\/www.betigazte.net\/wp-content\/uploads\/2018\/11\/Accesit-2018-03-C-Despues-de-la-tormenta-600x405.jpg 600w\" sizes=\"auto, (max-width: 300px) 100vw, 300px\" \/><\/a><\/strong><\/em><\/p>\n<p style=\"text-align: center;\"><em><strong>\u201cDESPU\u00c9S DE LA TORMENTA\u201d<\/strong><\/em><\/p>\n<p style=\"text-align: center;\"><strong>Jos\u00e9 Ram\u00f3n Luna de la Osa<\/strong><\/p>\n<p style=\"text-align: center;\"><strong>Taranc\u00f3n \u2013 Cuenca<\/strong><\/p>\n<p>&nbsp;<\/p>\n<p>&nbsp;<\/p>\n<p>Muchas gracias a todos los participantes y \u00a1enhorabuena a los ganadores! Os esperamos en la exposici\u00f3n donde podr\u00e9is observar la gran calidad de las fotograf\u00edas presentadas.<\/p>\n<p>Aupa Beti Gazte!<\/p>\n","protected":false},"excerpt":{"rendered":"<p>Una vez recibidas las 89 fotograf\u00edas y reunido el jurado, \u00a1Ya tenemos a los ganadores del Concurso de Fotograf\u00eda 2018 del Beti Gazte! El pasado 3 de noviembre, el jurado compuesto por la lesakarra Irantzu Pastor, el irundarra Fernando Larrukert&#8230; <a class=\"more-link\" href=\"http:\/\/www.betigazte.net\/?p=2290\">Seguir leyendo &rarr;<\/a><\/p>\n","protected":false},"author":3,"featured_media":2292,"comment_status":"open","ping_status":"open","sticky":false,"template":"","format":"standard","meta":{"spay_email":"","footnotes":"","jetpack_publicize_message":"","jetpack_is_tweetstorm":false,"jetpack_publicize_feature_enabled":true},"categories":[2],"tags":[],"class_list":["post-2290","post","type-post","status-publish","format-standard","has-post-thumbnail","hentry","category-sin-categoria-es"],"jetpack_featured_media_url":"http:\/\/www.betigazte.net\/wp-content\/uploads\/2018\/11\/1er.-Premio-Tema-libre-2018-14-C-Comunidad-de-vecinos-1.jpg","jetpack_publicize_connections":[],"jetpack_sharing_enabled":true,"jetpack_shortlink":"https:\/\/wp.me\/p9WiWE-AW","_links":{"self":[{"href":"http:\/\/www.betigazte.net\/index.php?rest_route=\/wp\/v2\/posts\/2290","targetHints":{"allow":["GET"]}}],"collection":[{"href":"http:\/\/www.betigazte.net\/index.php?rest_route=\/wp\/v2\/posts"}],"about":[{"href":"http:\/\/www.betigazte.net\/index.php?rest_route=\/wp\/v2\/types\/post"}],"author":[{"embeddable":true,"href":"http:\/\/www.betigazte.net\/index.php?rest_route=\/wp\/v2\/users\/3"}],"replies":[{"embeddable":true,"href":"http:\/\/www.betigazte.net\/index.php?rest_route=%2Fwp%2Fv2%2Fcomments&post=2290"}],"version-history":[{"count":13,"href":"http:\/\/www.betigazte.net\/index.php?rest_route=\/wp\/v2\/posts\/2290\/revisions"}],"predecessor-version":[{"id":2338,"href":"http:\/\/www.betigazte.net\/index.php?rest_route=\/wp\/v2\/posts\/2290\/revisions\/2338"}],"wp:featuredmedia":[{"embeddable":true,"href":"http:\/\/www.betigazte.net\/index.php?rest_route=\/wp\/v2\/media\/2292"}],"wp:attachment":[{"href":"http:\/\/www.betigazte.net\/index.php?rest_route=%2Fwp%2Fv2%2Fmedia&parent=2290"}],"wp:term":[{"taxonomy":"category","embeddable":true,"href":"http:\/\/www.betigazte.net\/index.php?rest_route=%2Fwp%2Fv2%2Fcategories&post=2290"},{"taxonomy":"post_tag","embeddable":true,"href":"http:\/\/www.betigazte.net\/index.php?rest_route=%2Fwp%2Fv2%2Ftags&post=2290"}],"curies":[{"name":"wp","href":"https:\/\/api.w.org\/{rel}","templated":true}]}}