{"id":3386,"date":"2019-09-03T08:45:53","date_gmt":"2019-09-03T08:45:53","guid":{"rendered":"http:\/\/www.betigazte.net\/?p=3386"},"modified":"2019-09-06T11:04:41","modified_gmt":"2019-09-06T11:04:41","slug":"reunion-para-formar-los-equipos-de-futbol-benjamin-y-alevin","status":"publish","type":"post","link":"http:\/\/www.betigazte.net\/?p=3386","title":{"rendered":"EL 6 DE SEPTIEMBRE REUNI\u00d3N PARA FORMAR LOS EQUIPOS DE F\u00daTBOL BENJAM\u00cdN Y ALEV\u00cdN"},"content":{"rendered":"\n<p>El 6 de septiembre se realizar\u00e1n dos reuniones con los jugadores y jugadoras y padres y madres para formar los equipos de Benjam\u00edn y Alev\u00edn de f\u00fatbol de Beti Gazte.  <\/p>\n\n\n\n<p><strong>Benjam\u00edn<\/strong>: nacid@s en el a\u00f1o 2010-2012. Reuni\u00f3n el 6 de septiembre de las 18:00 en la sede. <\/p>\n\n\n\n<p><strong>Alev\u00edn<\/strong>: nacid@s en el a\u00f1o 2008-2009. Reuni\u00f3n el 6 de septiembre a las 19:00 en la sede. <\/p>\n","protected":false},"excerpt":{"rendered":"<p>El 6 de septiembre se realizar\u00e1n dos reuniones con los jugadores y jugadoras y padres y madres para formar los equipos de Benjam\u00edn y Alev\u00edn de f\u00fatbol de Beti Gazte. Benjam\u00edn: nacid@s en el a\u00f1o 2010-2012. Reuni\u00f3n el 6 de&#8230; <a class=\"more-link\" href=\"http:\/\/www.betigazte.net\/?p=3386\">Seguir leyendo &rarr;<\/a><\/p>\n","protected":false},"author":3,"featured_media":3407,"comment_status":"open","ping_status":"open","sticky":false,"template":"","format":"standard","meta":{"spay_email":"","footnotes":"","jetpack_publicize_message":"","jetpack_is_tweetstorm":false,"jetpack_publicize_feature_enabled":true},"categories":[2],"tags":[],"class_list":["post-3386","post","type-post","status-publish","format-standard","has-post-thumbnail","hentry","category-sin-categoria-es"],"jetpack_featured_media_url":"http:\/\/www.betigazte.net\/wp-content\/uploads\/2019\/09\/CARTEL-REUNI\u00d3N_page-0001-1.jpg","jetpack_publicize_connections":[],"jetpack_sharing_enabled":true,"jetpack_shortlink":"https:\/\/wp.me\/p9WiWE-SC","_links":{"self":[{"href":"http:\/\/www.betigazte.net\/index.php?rest_route=\/wp\/v2\/posts\/3386","targetHints":{"allow":["GET"]}}],"collection":[{"href":"http:\/\/www.betigazte.net\/index.php?rest_route=\/wp\/v2\/posts"}],"about":[{"href":"http:\/\/www.betigazte.net\/index.php?rest_route=\/wp\/v2\/types\/post"}],"author":[{"embeddable":true,"href":"http:\/\/www.betigazte.net\/index.php?rest_route=\/wp\/v2\/users\/3"}],"replies":[{"embeddable":true,"href":"http:\/\/www.betigazte.net\/index.php?rest_route=%2Fwp%2Fv2%2Fcomments&post=3386"}],"version-history":[{"count":3,"href":"http:\/\/www.betigazte.net\/index.php?rest_route=\/wp\/v2\/posts\/3386\/revisions"}],"predecessor-version":[{"id":3408,"href":"http:\/\/www.betigazte.net\/index.php?rest_route=\/wp\/v2\/posts\/3386\/revisions\/3408"}],"wp:featuredmedia":[{"embeddable":true,"href":"http:\/\/www.betigazte.net\/index.php?rest_route=\/wp\/v2\/media\/3407"}],"wp:attachment":[{"href":"http:\/\/www.betigazte.net\/index.php?rest_route=%2Fwp%2Fv2%2Fmedia&parent=3386"}],"wp:term":[{"taxonomy":"category","embeddable":true,"href":"http:\/\/www.betigazte.net\/index.php?rest_route=%2Fwp%2Fv2%2Fcategories&post=3386"},{"taxonomy":"post_tag","embeddable":true,"href":"http:\/\/www.betigazte.net\/index.php?rest_route=%2Fwp%2Fv2%2Ftags&post=3386"}],"curies":[{"name":"wp","href":"https:\/\/api.w.org\/{rel}","templated":true}]}}