{"id":5800,"date":"2021-06-29T09:30:19","date_gmt":"2021-06-29T09:30:19","guid":{"rendered":"http:\/\/www.betigazte.net\/?p=5800"},"modified":"2021-06-29T09:30:20","modified_gmt":"2021-06-29T09:30:20","slug":"salida-al-pirineo","status":"publish","type":"post","link":"http:\/\/www.betigazte.net\/?p=5800","title":{"rendered":"\u00a1SALIDA AL PIRINEO!"},"content":{"rendered":"\n<p><strong>CU\u00c1NDO<\/strong>. Del 17 al 18 de julio.<\/p>\n\n\n\n<p><strong>PARA QUIEN<\/strong>. Personas con licencia de monta\u00f1a C o seguro particular.<\/p>\n\n\n\n<p><strong>INSCRIPCIONES<\/strong>. Escribiendo o llamando al 626118123 o mandando un email a la direcci\u00f3n <a href=\"mailto:mendia@betigazte.net\">mendia@betigazte.net<\/a>. Para aclarar cualquier tipo de duda utilizad los mismos medios.<\/p>\n\n\n\n<p><strong>PLAZO DE INSCRIPCI\u00d3N<\/strong>. 4 de julio, domingo.<\/p>\n\n\n\n<p><strong>NOTAS<\/strong>.<\/p>\n\n\n\n<p>\uffff L@s soci@s del Beti Gazteko tendr\u00e1n prioridad.<\/p>\n\n\n\n<p>\uf0e0 Se suspender\u00e1 la salida si no se apuntan, m\u00ednimo, 20 personas.<\/p>\n\n\n\n<p>\uf0e0 El precio de la salida depender\u00e1 del n\u00famero de personas que se apunten.<\/p>\n\n\n\n<p>\uf0e0 Al apuntarse se abonar\u00e1n 50\u20ac como fianza en la cuenta corriente de la Rural del Beti Gazte: ES84 3008 0054 1807 0220 8323. Se tendr\u00e1 en cuenta el orden de inscripci\u00f3n.<\/p>\n\n\n\n<p><strong>DETALLES<\/strong>.<\/p>\n\n\n\n<p><strong>VIAJE<\/strong>.<\/p>\n\n\n\n<p>\uf0e0 Ida: en autob\u00fas el 17 de julio a las 5:00h de la ma\u00f1ana desde la Fonda Mar\u00eda. Lesaka-Pont D\u00b4Espagne (unas 3,5 horas).<\/p>\n\n\n\n<p>\uf0e0 Vuelta: en autob\u00fas el 18 de julio a las sobre las 15:00h. Panticosa-Lesaka (unas 3 horas).<\/p>\n\n\n\n<p><strong>REGUFIO<\/strong>. Refugio de los ibones de Bachima\u00f1a. Cena, noche y desayuno. (<a href=\"https:\/\/www.alberguesyrefugios.com\/ibonesdebachima%C3%B1a\/\">https:\/\/www.alberguesyrefugios.com\/ibonesdebachima\u00f1a\/<\/a> ).<\/p>\n\n\n\n<p>Si no hay cambios, puntos a tener en cuenta debido a la COVID 19:<\/p>\n\n\n\n<p>\uf0e0 Mascarilla obligatoria en espacios comunes.<\/p>\n\n\n\n<p>\uf0e0 Cada persona deber\u00e1 llevar su calzado de Descanso.<\/p>\n\n\n\n<p>\uf0e0 En las habitaciones no habr\u00e1 ni almohadas ni mantas.<\/p>\n\n\n\n<p>\uf0e0 M\u00e1s informaci\u00f3n: <a href=\"https:\/\/www.alberguesyrefugios.com\/covid19\">https:\/\/www.alberguesyrefugios.com\/covid19<\/a> .<\/p>\n\n\n\n<p><strong>RECORRIDOS<\/strong>.<\/p>\n\n\n\n<p><strong>S\u00e1bado, 17 de julio<\/strong><\/p>\n\n\n\n<figure class=\"wp-block-table\"><table><tbody><tr><td><br><\/td><td><strong>RECORRIDO CORTO<\/strong><\/td><td><strong>RECORRIDO LARGO<\/strong><\/td><\/tr><tr><td><strong>Duraci\u00f3n<\/strong><\/td><td>6:00 H<\/td><td>7:20 H<\/td><\/tr><tr><td><strong>Desnivel +<\/strong><\/td><td>1.210 m<\/td><td>1.680 m<\/td><\/tr><tr><td><strong>Desnivel &#8211;<\/strong><\/td><td>505 m<\/td><td>975 m<\/td><\/tr><tr><td><strong>Distancia<\/strong><\/td><td>17,6 Km<\/td><td>20,3 Km<\/td><\/tr><\/tbody><\/table><\/figure>\n\n\n\n<figure class=\"wp-block-table\"><table><tbody><tr><td><br><\/td><td><strong>Altura (m)<\/strong><\/td><td><strong>Tiempo<\/strong><\/td><td><strong>Km<\/strong><\/td><\/tr><tr><td><strong>Pont D\u00b4Espagne<\/strong><\/td><td>1.496<\/td><td>0<\/td><td>0<\/td><\/tr><tr><td><strong>Plateau du Clot<\/strong><\/td><td>1.522<\/td><td>0:15<\/td><td>1<\/td><\/tr><tr><td><strong>Plateau de Cayan<\/strong><\/td><td>1.610<\/td><td>0:55<\/td><td>3,5<\/td><\/tr><tr><td><strong>Refuge de Wallon<\/strong><\/td><td>1.865<\/td><td>2:05<\/td><td>7,8<\/td><\/tr><tr><td><strong>Pla de La Gole<\/strong><\/td><td>1.861<\/td><td>2:10<\/td><td>8<\/td><\/tr><tr><td><strong>Pla de Loubosso<\/strong><\/td><td>1.938<\/td><td>2:25<\/td><td>8,8<\/td><\/tr><\/tbody><\/table><\/figure>\n\n\n\n<p><strong>RECORRIDO LARGO<\/strong><\/p>\n\n\n\n<figure class=\"wp-block-table\"><table><tbody><tr><td><br><\/td><td><strong>Altura (m)<\/strong><\/td><td><strong>Tiempo<\/strong><\/td><td><strong>Km<\/strong><\/td><\/tr><tr><td><strong>Lacs de La Fache<\/strong><\/td><td>2.430<\/td><td>4:15<\/td><td>11,6<\/td><\/tr><tr><td><strong>Col de da Fache<\/strong><\/td><td>2.664<\/td><td>4:30<\/td><td>12,8<\/td><\/tr><tr><td><strong>Grande Fache<\/strong><\/td><td>3.005<\/td><td>5:30<\/td><td>13,3<\/td><\/tr><tr><td><strong>Collado Sur<\/strong><\/td><td>2.822<\/td><td>5:45<\/td><td>13,7<\/td><\/tr><tr><td><strong>Ib\u00f3n Alto de Pecico<\/strong><\/td><td>2.491<\/td><td>6:00<\/td><td>14,8<\/td><\/tr><tr><td><strong>Ib\u00f3n dero Pezico dera Canal<\/strong><\/td><td>2.465<\/td><td>6:15<\/td><td>15,4<\/td><\/tr><tr><td><strong>Refugio de Bachima\u00f1a<\/strong><\/td><td>2.197<\/td><td>7:20<\/td><td>20,3<\/td><\/tr><\/tbody><\/table><\/figure>\n\n\n\n<p><strong>RECORRIDO CORTO<\/strong><\/p>\n\n\n\n<figure class=\"wp-block-table\"><table><tbody><tr><td><br><\/td><td><strong>Altura (m)<\/strong><\/td><td><strong>Tiempo<\/strong><\/td><td><strong>Km<\/strong><\/td><\/tr><tr><td><strong>Port de Marcadeau<\/strong><\/td><td>2.541<\/td><td>4:30<\/td><td>12,4<\/td><\/tr><tr><td><strong>Ib\u00f3n dero Pezico dera Canal<\/strong><\/td><td>2.465<\/td><td>4:45<\/td><td>13,1<\/td><\/tr><tr><td><strong>Refugio de Bachima\u00f1a<\/strong><\/td><td>2.197<\/td><td>6:00<\/td><td>17,6<\/td><\/tr><\/tbody><\/table><\/figure>\n\n\n\n<p><strong>Domingo, 18 de julio<\/strong><\/p>\n\n\n\n<figure class=\"wp-block-table\"><table><tbody><tr><td><br><\/td><td><strong>RECORRIDO CORTO<\/strong><\/td><td><strong>RECORRIDO LARGO<\/strong><\/td><\/tr><tr><td><strong>Duraci\u00f3n<\/strong><\/td><td>6:00 H<\/td><td>5:30 H<\/td><\/tr><tr><td><strong>Desnivel +<\/strong><\/td><td>810 m<\/td><td>1.010 m<\/td><\/tr><tr><td><strong>Desnivel &#8211;<\/strong><\/td><td>760 m<\/td><td>1.560 m<\/td><\/tr><tr><td><strong>Distancia<\/strong><\/td><td>5,6 Km<\/td><td>11,6 Km<\/td><\/tr><\/tbody><\/table><\/figure>\n\n\n\n<p><strong>RECORRIDO LARGO<\/strong><\/p>\n\n\n\n<figure class=\"wp-block-table\"><table><tbody><tr><td><br><\/td><td><strong>Altura (m)<\/strong><\/td><td><strong>Tiempo<\/strong><\/td><td><strong>Km<\/strong><\/td><\/tr><tr><td><strong>Refugio de Bachima\u00f1a<\/strong><\/td><td>2.197<\/td><td>0<\/td><td>0<\/td><\/tr><tr><td><strong>Cuesta del Fraile<\/strong><\/td><td>2.160<\/td><td>0:15<\/td><td>1,1<\/td><\/tr><tr><td><strong>Ibones de Arnales<\/strong><\/td><td>2.299<\/td><td>0:50<\/td><td>2,3<\/td><\/tr><tr><td><strong>Enlace Mallata Alta<\/strong><\/td><td>2.254<\/td><td>1:00<\/td><td>2,7<\/td><\/tr><tr><td><strong>Mallata Alta de Argualas<\/strong><\/td><td>2.230<\/td><td>1:05<\/td><td>3,1<\/td><\/tr><tr><td><strong>Garmo Negro<\/strong><\/td><td>3.064<\/td><td>3:30<\/td><td>6,1<\/td><\/tr><tr><td><strong>Mallata Alta<\/strong><\/td><td>1.532<\/td><td>4:40<\/td><td>9,1<\/td><\/tr><tr><td><strong>Balneario de Panticosa<\/strong><\/td><td>1.640<\/td><td>5:30<\/td><td>11,6<\/td><\/tr><\/tbody><\/table><\/figure>\n","protected":false},"excerpt":{"rendered":"<p>CU\u00c1NDO. Del 17 al 18 de julio. PARA QUIEN. Personas con licencia de monta\u00f1a C o seguro particular. INSCRIPCIONES. Escribiendo o llamando al 626118123 o mandando un email a la direcci\u00f3n mendia@betigazte.net. Para aclarar cualquier tipo de duda utilizad los&#8230; <a class=\"more-link\" href=\"http:\/\/www.betigazte.net\/?p=5800\">Seguir leyendo &rarr;<\/a><\/p>\n","protected":false},"author":3,"featured_media":5798,"comment_status":"open","ping_status":"open","sticky":false,"template":"","format":"standard","meta":{"spay_email":"","footnotes":"","jetpack_publicize_message":"","jetpack_is_tweetstorm":false,"jetpack_publicize_feature_enabled":true},"categories":[2],"tags":[],"class_list":["post-5800","post","type-post","status-publish","format-standard","has-post-thumbnail","hentry","category-sin-categoria-es"],"jetpack_featured_media_url":"http:\/\/www.betigazte.net\/wp-content\/uploads\/2021\/06\/WhatsApp-Image-2021-06-28-at-21.48.06.jpeg","jetpack_publicize_connections":[],"jetpack_sharing_enabled":true,"jetpack_shortlink":"https:\/\/wp.me\/p9WiWE-1vy","_links":{"self":[{"href":"http:\/\/www.betigazte.net\/index.php?rest_route=\/wp\/v2\/posts\/5800","targetHints":{"allow":["GET"]}}],"collection":[{"href":"http:\/\/www.betigazte.net\/index.php?rest_route=\/wp\/v2\/posts"}],"about":[{"href":"http:\/\/www.betigazte.net\/index.php?rest_route=\/wp\/v2\/types\/post"}],"author":[{"embeddable":true,"href":"http:\/\/www.betigazte.net\/index.php?rest_route=\/wp\/v2\/users\/3"}],"replies":[{"embeddable":true,"href":"http:\/\/www.betigazte.net\/index.php?rest_route=%2Fwp%2Fv2%2Fcomments&post=5800"}],"version-history":[{"count":2,"href":"http:\/\/www.betigazte.net\/index.php?rest_route=\/wp\/v2\/posts\/5800\/revisions"}],"predecessor-version":[{"id":5802,"href":"http:\/\/www.betigazte.net\/index.php?rest_route=\/wp\/v2\/posts\/5800\/revisions\/5802"}],"wp:featuredmedia":[{"embeddable":true,"href":"http:\/\/www.betigazte.net\/index.php?rest_route=\/wp\/v2\/media\/5798"}],"wp:attachment":[{"href":"http:\/\/www.betigazte.net\/index.php?rest_route=%2Fwp%2Fv2%2Fmedia&parent=5800"}],"wp:term":[{"taxonomy":"category","embeddable":true,"href":"http:\/\/www.betigazte.net\/index.php?rest_route=%2Fwp%2Fv2%2Fcategories&post=5800"},{"taxonomy":"post_tag","embeddable":true,"href":"http:\/\/www.betigazte.net\/index.php?rest_route=%2Fwp%2Fv2%2Ftags&post=5800"}],"curies":[{"name":"wp","href":"https:\/\/api.w.org\/{rel}","templated":true}]}}