{"id":7107,"date":"2023-04-21T11:16:32","date_gmt":"2023-04-21T11:16:32","guid":{"rendered":"http:\/\/www.betigazte.net\/?p=7107"},"modified":"2023-04-21T11:16:33","modified_gmt":"2023-04-21T11:16:33","slug":"marcha-cicloturista-salvador-yanci-2023","status":"publish","type":"post","link":"http:\/\/www.betigazte.net\/?p=7107","title":{"rendered":"MARCHA CICLOTURISTA SALVADOR YANCI 2023"},"content":{"rendered":"\n<p>Beti Gazte ha organizado este a\u00f1o tambi\u00e9n la VIII. Marcha Cicloturista Memorial Salvador Yanci. La prueba se organizar\u00e1 el 14 de mayo, a partir de las 8:30. El recorrido constar\u00e1 de 118,26 kil\u00f3metros y 1.476 metros de desnivel. <\/p>\n\n\n\n<figure class=\"wp-block-image size-full\"><img loading=\"lazy\" decoding=\"async\" width=\"815\" height=\"125\" src=\"http:\/\/www.betigazte.net\/wp-content\/uploads\/2023\/04\/WhatsApp-Image-2023-04-12-at-19.13.59-2.jpeg\" alt=\"\" class=\"wp-image-7109\" srcset=\"http:\/\/www.betigazte.net\/wp-content\/uploads\/2023\/04\/WhatsApp-Image-2023-04-12-at-19.13.59-2.jpeg 815w, http:\/\/www.betigazte.net\/wp-content\/uploads\/2023\/04\/WhatsApp-Image-2023-04-12-at-19.13.59-2-300x46.jpeg 300w, http:\/\/www.betigazte.net\/wp-content\/uploads\/2023\/04\/WhatsApp-Image-2023-04-12-at-19.13.59-2-768x118.jpeg 768w, http:\/\/www.betigazte.net\/wp-content\/uploads\/2023\/04\/WhatsApp-Image-2023-04-12-at-19.13.59-2-600x92.jpeg 600w\" sizes=\"auto, (max-width: 815px) 100vw, 815px\" \/><figcaption>Perfil de la prueba<\/figcaption><\/figure>\n\n\n\n<figure class=\"wp-block-image size-full is-resized\"><img loading=\"lazy\" decoding=\"async\" src=\"http:\/\/www.betigazte.net\/wp-content\/uploads\/2023\/04\/WhatsApp-Image-2023-04-12-at-19.13.59.jpeg\" alt=\"\" class=\"wp-image-7110\" width=\"186\" height=\"337\" srcset=\"http:\/\/www.betigazte.net\/wp-content\/uploads\/2023\/04\/WhatsApp-Image-2023-04-12-at-19.13.59.jpeg 193w, http:\/\/www.betigazte.net\/wp-content\/uploads\/2023\/04\/WhatsApp-Image-2023-04-12-at-19.13.59-165x300.jpeg 165w\" sizes=\"auto, (max-width: 186px) 100vw, 186px\" \/><figcaption>Rut\u00f3metro<\/figcaption><\/figure>\n\n\n\n<p>Las inscripciones est\u00e1n ya abiertas y se podr\u00e1n realizar hasta el mismo d\u00eda de la prueba, antes de la salida. Quienes quieran inscribirse antes de la prueba, lo podr\u00e1n hacer en este link: <a rel=\"noreferrer noopener\" href=\"https:\/\/inscripcion.kirolprobak.com\/inscripcion\/viii-marcha-cicloturista-memorial-salvador-yanci\/\" target=\"_blank\">https:\/\/inscripcion.kirolprobak.com\/inscripcion\/viii-marcha-cicloturista-memorial-salvador-yanci\/<\/a> . <\/p>\n\n\n\n<p>Esta prueba se ha organizado con la ayuda del Ayuntamiento de Lesaka, Laboral kutxa, Caja Rural, Helmuga y Katea Bike. <\/p>\n\n\n\n<p>Este es el reglamento de la prueba:<\/p>\n\n\n\n<div data-wp-interactive=\"core\/file\" class=\"wp-block-file\"><object data-wp-bind--hidden=\"!state.hasPdfPreview\" hidden class=\"wp-block-file__embed\" data=\"http:\/\/www.betigazte.net\/wp-content\/uploads\/2023\/04\/9038_evento_19807_reglamento.pdf\" type=\"application\/pdf\" style=\"width:100%;height:600px\" aria-label=\"Incrustado de Incrustado de 9038_evento_19807_reglamento..\"><\/object><a id=\"wp-block-file--media-403f0f17-dc3f-46a1-ba1d-0a55d847845c\" href=\"http:\/\/www.betigazte.net\/wp-content\/uploads\/2023\/04\/9038_evento_19807_reglamento.pdf\">9038_evento_19807_reglamento<\/a><a href=\"http:\/\/www.betigazte.net\/wp-content\/uploads\/2023\/04\/9038_evento_19807_reglamento.pdf\" class=\"wp-block-file__button\" download aria-describedby=\"wp-block-file--media-403f0f17-dc3f-46a1-ba1d-0a55d847845c\">Descarga<\/a><\/div>\n\n\n\n<p>\u00a1Animaos a participar!<\/p>\n","protected":false},"excerpt":{"rendered":"<p>Beti Gazte ha organizado este a\u00f1o tambi\u00e9n la VIII. Marcha Cicloturista Memorial Salvador Yanci. La prueba se organizar\u00e1 el 14 de mayo, a partir de las 8:30. El recorrido constar\u00e1 de 118,26 kil\u00f3metros y 1.476 metros de desnivel. Las inscripciones&#8230; <a class=\"more-link\" href=\"http:\/\/www.betigazte.net\/?p=7107\">Seguir leyendo &rarr;<\/a><\/p>\n","protected":false},"author":5,"featured_media":7104,"comment_status":"open","ping_status":"open","sticky":false,"template":"","format":"standard","meta":{"spay_email":"","footnotes":"","jetpack_publicize_message":"","jetpack_is_tweetstorm":false,"jetpack_publicize_feature_enabled":true},"categories":[2],"tags":[],"class_list":["post-7107","post","type-post","status-publish","format-standard","has-post-thumbnail","hentry","category-sin-categoria-es"],"jetpack_featured_media_url":"http:\/\/www.betigazte.net\/wp-content\/uploads\/2023\/04\/Salvador-Yanci-Martxa-Zikloturista-2023.jpg","jetpack_publicize_connections":[],"jetpack_sharing_enabled":true,"jetpack_shortlink":"https:\/\/wp.me\/p9WiWE-1QD","_links":{"self":[{"href":"http:\/\/www.betigazte.net\/index.php?rest_route=\/wp\/v2\/posts\/7107","targetHints":{"allow":["GET"]}}],"collection":[{"href":"http:\/\/www.betigazte.net\/index.php?rest_route=\/wp\/v2\/posts"}],"about":[{"href":"http:\/\/www.betigazte.net\/index.php?rest_route=\/wp\/v2\/types\/post"}],"author":[{"embeddable":true,"href":"http:\/\/www.betigazte.net\/index.php?rest_route=\/wp\/v2\/users\/5"}],"replies":[{"embeddable":true,"href":"http:\/\/www.betigazte.net\/index.php?rest_route=%2Fwp%2Fv2%2Fcomments&post=7107"}],"version-history":[{"count":1,"href":"http:\/\/www.betigazte.net\/index.php?rest_route=\/wp\/v2\/posts\/7107\/revisions"}],"predecessor-version":[{"id":7111,"href":"http:\/\/www.betigazte.net\/index.php?rest_route=\/wp\/v2\/posts\/7107\/revisions\/7111"}],"wp:featuredmedia":[{"embeddable":true,"href":"http:\/\/www.betigazte.net\/index.php?rest_route=\/wp\/v2\/media\/7104"}],"wp:attachment":[{"href":"http:\/\/www.betigazte.net\/index.php?rest_route=%2Fwp%2Fv2%2Fmedia&parent=7107"}],"wp:term":[{"taxonomy":"category","embeddable":true,"href":"http:\/\/www.betigazte.net\/index.php?rest_route=%2Fwp%2Fv2%2Fcategories&post=7107"},{"taxonomy":"post_tag","embeddable":true,"href":"http:\/\/www.betigazte.net\/index.php?rest_route=%2Fwp%2Fv2%2Ftags&post=7107"}],"curies":[{"name":"wp","href":"https:\/\/api.w.org\/{rel}","templated":true}]}}