{"id":7130,"date":"2023-05-12T10:41:43","date_gmt":"2023-05-12T10:41:43","guid":{"rendered":"http:\/\/www.betigazte.net\/?p=7130"},"modified":"2023-05-12T10:41:45","modified_gmt":"2023-05-12T10:41:45","slug":"suspendida-la-marcha-cicloturista","status":"publish","type":"post","link":"http:\/\/www.betigazte.net\/?p=7130","title":{"rendered":"SUSPENDIDA LA MARCHA CICLOTURISTA"},"content":{"rendered":"\n<p>Viendo c\u00faal es la predicci\u00f3n del tiempo para el domingo, desde la direcci\u00f3n de Beti Gazte hemos decidido suspender la VIII. Marcha Cicloturista Memorial Salvador Yanci, para garantizar la seguridad de los participantes y colaboradores.<\/p>\n\n\n\n<p>\u00a1Sentimos las molestias!<\/p>\n","protected":false},"excerpt":{"rendered":"<p>Viendo c\u00faal es la predicci\u00f3n del tiempo para el domingo, desde la direcci\u00f3n de Beti Gazte hemos decidido suspender la VIII. Marcha Cicloturista Memorial Salvador Yanci, para garantizar la seguridad de los participantes y colaboradores. \u00a1Sentimos las molestias!<\/p>\n","protected":false},"author":5,"featured_media":7127,"comment_status":"open","ping_status":"open","sticky":false,"template":"","format":"standard","meta":{"spay_email":"","footnotes":"","jetpack_publicize_message":"","jetpack_is_tweetstorm":false,"jetpack_publicize_feature_enabled":true},"categories":[2],"tags":[],"class_list":["post-7130","post","type-post","status-publish","format-standard","has-post-thumbnail","hentry","category-sin-categoria-es"],"jetpack_featured_media_url":"http:\/\/www.betigazte.net\/wp-content\/uploads\/2023\/05\/Salvador-Yanci-Martxa-Zikloturista-2023.jpg","jetpack_publicize_connections":[],"jetpack_sharing_enabled":true,"jetpack_shortlink":"https:\/\/wp.me\/p9WiWE-1R0","_links":{"self":[{"href":"http:\/\/www.betigazte.net\/index.php?rest_route=\/wp\/v2\/posts\/7130","targetHints":{"allow":["GET"]}}],"collection":[{"href":"http:\/\/www.betigazte.net\/index.php?rest_route=\/wp\/v2\/posts"}],"about":[{"href":"http:\/\/www.betigazte.net\/index.php?rest_route=\/wp\/v2\/types\/post"}],"author":[{"embeddable":true,"href":"http:\/\/www.betigazte.net\/index.php?rest_route=\/wp\/v2\/users\/5"}],"replies":[{"embeddable":true,"href":"http:\/\/www.betigazte.net\/index.php?rest_route=%2Fwp%2Fv2%2Fcomments&post=7130"}],"version-history":[{"count":1,"href":"http:\/\/www.betigazte.net\/index.php?rest_route=\/wp\/v2\/posts\/7130\/revisions"}],"predecessor-version":[{"id":7131,"href":"http:\/\/www.betigazte.net\/index.php?rest_route=\/wp\/v2\/posts\/7130\/revisions\/7131"}],"wp:featuredmedia":[{"embeddable":true,"href":"http:\/\/www.betigazte.net\/index.php?rest_route=\/wp\/v2\/media\/7127"}],"wp:attachment":[{"href":"http:\/\/www.betigazte.net\/index.php?rest_route=%2Fwp%2Fv2%2Fmedia&parent=7130"}],"wp:term":[{"taxonomy":"category","embeddable":true,"href":"http:\/\/www.betigazte.net\/index.php?rest_route=%2Fwp%2Fv2%2Fcategories&post=7130"},{"taxonomy":"post_tag","embeddable":true,"href":"http:\/\/www.betigazte.net\/index.php?rest_route=%2Fwp%2Fv2%2Ftags&post=7130"}],"curies":[{"name":"wp","href":"https:\/\/api.w.org\/{rel}","templated":true}]}}