{"id":7173,"date":"2023-05-23T13:21:11","date_gmt":"2023-05-23T13:21:11","guid":{"rendered":"http:\/\/www.betigazte.net\/?p=7173"},"modified":"2023-05-23T13:21:11","modified_gmt":"2023-05-23T13:21:11","slug":"taller-de-pan","status":"publish","type":"post","link":"http:\/\/www.betigazte.net\/?p=7173","title":{"rendered":"TALLER DE PAN"},"content":{"rendered":"\n<p>Dentro de las actividades organizadas en Beti Gazte Astea 2023, el 5 de junio celebraremos un taller pr\u00e1ctico de pan y masa con Edota Salvador, del Basque Culinary Center. El curso ser\u00e1 a las 18:30 en Irain eskola y tendr\u00e1 un precio de 20 euros. Las plazas ser\u00e1n limitadas y los socios tendr\u00e1n prioridad a la hora de apuntarse. Para ello, habr\u00e1 que llamar al n\u00famero 617 21 24 49 (Amaia) antes del 31 de mayo. <\/p>\n\n\n\n<p>\u00a1Animaos a participar!<\/p>\n","protected":false},"excerpt":{"rendered":"<p>Dentro de las actividades organizadas en Beti Gazte Astea 2023, el 5 de junio celebraremos un taller pr\u00e1ctico de pan y masa con Edota Salvador, del Basque Culinary Center. El curso ser\u00e1 a las 18:30 en Irain eskola y tendr\u00e1&#8230; <a class=\"more-link\" href=\"http:\/\/www.betigazte.net\/?p=7173\">Seguir leyendo &rarr;<\/a><\/p>\n","protected":false},"author":5,"featured_media":7170,"comment_status":"open","ping_status":"open","sticky":false,"template":"","format":"standard","meta":{"spay_email":"","footnotes":"","jetpack_publicize_message":"","jetpack_is_tweetstorm":false,"jetpack_publicize_feature_enabled":true},"categories":[2],"tags":[],"class_list":["post-7173","post","type-post","status-publish","format-standard","has-post-thumbnail","hentry","category-sin-categoria-es"],"jetpack_featured_media_url":"http:\/\/www.betigazte.net\/wp-content\/uploads\/2023\/05\/WhatsApp-Image-2023-05-17-at-19.17.08.jpeg","jetpack_publicize_connections":[],"jetpack_sharing_enabled":true,"jetpack_shortlink":"https:\/\/wp.me\/p9WiWE-1RH","_links":{"self":[{"href":"http:\/\/www.betigazte.net\/index.php?rest_route=\/wp\/v2\/posts\/7173","targetHints":{"allow":["GET"]}}],"collection":[{"href":"http:\/\/www.betigazte.net\/index.php?rest_route=\/wp\/v2\/posts"}],"about":[{"href":"http:\/\/www.betigazte.net\/index.php?rest_route=\/wp\/v2\/types\/post"}],"author":[{"embeddable":true,"href":"http:\/\/www.betigazte.net\/index.php?rest_route=\/wp\/v2\/users\/5"}],"replies":[{"embeddable":true,"href":"http:\/\/www.betigazte.net\/index.php?rest_route=%2Fwp%2Fv2%2Fcomments&post=7173"}],"version-history":[{"count":1,"href":"http:\/\/www.betigazte.net\/index.php?rest_route=\/wp\/v2\/posts\/7173\/revisions"}],"predecessor-version":[{"id":7174,"href":"http:\/\/www.betigazte.net\/index.php?rest_route=\/wp\/v2\/posts\/7173\/revisions\/7174"}],"wp:featuredmedia":[{"embeddable":true,"href":"http:\/\/www.betigazte.net\/index.php?rest_route=\/wp\/v2\/media\/7170"}],"wp:attachment":[{"href":"http:\/\/www.betigazte.net\/index.php?rest_route=%2Fwp%2Fv2%2Fmedia&parent=7173"}],"wp:term":[{"taxonomy":"category","embeddable":true,"href":"http:\/\/www.betigazte.net\/index.php?rest_route=%2Fwp%2Fv2%2Fcategories&post=7173"},{"taxonomy":"post_tag","embeddable":true,"href":"http:\/\/www.betigazte.net\/index.php?rest_route=%2Fwp%2Fv2%2Ftags&post=7173"}],"curies":[{"name":"wp","href":"https:\/\/api.w.org\/{rel}","templated":true}]}}