{"id":7179,"date":"2023-05-23T13:26:17","date_gmt":"2023-05-23T13:26:17","guid":{"rendered":"http:\/\/www.betigazte.net\/?p=7179"},"modified":"2023-05-23T13:26:19","modified_gmt":"2023-05-23T13:26:19","slug":"actuacion-lerro-dantza","status":"publish","type":"post","link":"http:\/\/www.betigazte.net\/?p=7179","title":{"rendered":"ACTUACI\u00d3N LERRO DANTZA"},"content":{"rendered":"\n<p>Dentro de las celebraciones de Beti Gazte Astea 2023, este s\u00e1bado 27 de mayo, el grupo de Lerro Dantza de Beti Gazte ofrecer\u00e1 una actuaci\u00f3n en Plaza Zaharra, a las 20:00 de la tarde. <\/p>\n\n\n\n<p>\u00a1Venid a ver!<\/p>\n","protected":false},"excerpt":{"rendered":"<p>Dentro de las celebraciones de Beti Gazte Astea 2023, este s\u00e1bado 27 de mayo, el grupo de Lerro Dantza de Beti Gazte ofrecer\u00e1 una actuaci\u00f3n en Plaza Zaharra, a las 20:00 de la tarde. \u00a1Venid a ver!<\/p>\n","protected":false},"author":5,"featured_media":7176,"comment_status":"open","ping_status":"open","sticky":false,"template":"","format":"standard","meta":{"spay_email":"","footnotes":"","jetpack_publicize_message":"","jetpack_is_tweetstorm":false,"jetpack_publicize_feature_enabled":true},"categories":[2],"tags":[],"class_list":["post-7179","post","type-post","status-publish","format-standard","has-post-thumbnail","hentry","category-sin-categoria-es"],"jetpack_featured_media_url":"http:\/\/www.betigazte.net\/wp-content\/uploads\/2023\/05\/WhatsApp-Image-2023-05-23-at-13.08.39.jpeg","jetpack_publicize_connections":[],"jetpack_sharing_enabled":true,"jetpack_shortlink":"https:\/\/wp.me\/p9WiWE-1RN","_links":{"self":[{"href":"http:\/\/www.betigazte.net\/index.php?rest_route=\/wp\/v2\/posts\/7179","targetHints":{"allow":["GET"]}}],"collection":[{"href":"http:\/\/www.betigazte.net\/index.php?rest_route=\/wp\/v2\/posts"}],"about":[{"href":"http:\/\/www.betigazte.net\/index.php?rest_route=\/wp\/v2\/types\/post"}],"author":[{"embeddable":true,"href":"http:\/\/www.betigazte.net\/index.php?rest_route=\/wp\/v2\/users\/5"}],"replies":[{"embeddable":true,"href":"http:\/\/www.betigazte.net\/index.php?rest_route=%2Fwp%2Fv2%2Fcomments&post=7179"}],"version-history":[{"count":1,"href":"http:\/\/www.betigazte.net\/index.php?rest_route=\/wp\/v2\/posts\/7179\/revisions"}],"predecessor-version":[{"id":7180,"href":"http:\/\/www.betigazte.net\/index.php?rest_route=\/wp\/v2\/posts\/7179\/revisions\/7180"}],"wp:featuredmedia":[{"embeddable":true,"href":"http:\/\/www.betigazte.net\/index.php?rest_route=\/wp\/v2\/media\/7176"}],"wp:attachment":[{"href":"http:\/\/www.betigazte.net\/index.php?rest_route=%2Fwp%2Fv2%2Fmedia&parent=7179"}],"wp:term":[{"taxonomy":"category","embeddable":true,"href":"http:\/\/www.betigazte.net\/index.php?rest_route=%2Fwp%2Fv2%2Fcategories&post=7179"},{"taxonomy":"post_tag","embeddable":true,"href":"http:\/\/www.betigazte.net\/index.php?rest_route=%2Fwp%2Fv2%2Ftags&post=7179"}],"curies":[{"name":"wp","href":"https:\/\/api.w.org\/{rel}","templated":true}]}}