{"id":7419,"date":"2023-08-16T10:27:07","date_gmt":"2023-08-16T10:27:07","guid":{"rendered":"http:\/\/www.betigazte.net\/?p=7419"},"modified":"2023-08-16T10:28:06","modified_gmt":"2023-08-16T10:28:06","slug":"lesakako-btt-ibilaldia-23-2","status":"publish","type":"post","link":"http:\/\/www.betigazte.net\/?p=7419","title":{"rendered":"LESAKAKO BTT IBILALDIA \u00b423"},"content":{"rendered":"\n<p>Este a\u00f1o, desde el Beti Gazte, hemos vuelto a organizar la Lesakako BTT Ibilaldia. Este a\u00f1o se celebrar\u00e1 el 17 de septiembre y las inscripciones est\u00e1n ya abiertas. <\/p>\n\n\n\n<p>Como todos los a\u00f1os, habr\u00e1 dos recorridos diferentes: el corto, de 23,24 kil\u00f3metros y 770 metros de desnivel; y el largo, de 37,1 kil\u00f3metros y 1414 metros de desnivel. La salida ser\u00e1 a las 9:00 desde la Plaza Zaharra. <\/p>\n\n\n\n<p>Las inscripciones est\u00e1n ya abiertas en el siguiente enlace: <a rel=\"noreferrer noopener\" href=\"https:\/\/inscripcion.kirolprobak.com\/inscripcion\/lesakako-btt-ibilaldia-2023\/\" target=\"_blank\">https:\/\/inscripcion.kirolprobak.com\/inscripcion\/lesakako-btt-ibilaldia-2023\/ <\/a>. Se podr\u00e1 inscribir hasta el 15 de septiembre, a las 23:59. <\/p>\n\n\n\n<p>Aqu\u00ed ten\u00e9is el reglamento de la prueba: <\/p>\n\n\n\n<div data-wp-interactive=\"core\/file\" class=\"wp-block-file\"><object data-wp-bind--hidden=\"!state.hasPdfPreview\" hidden class=\"wp-block-file__embed\" data=\"http:\/\/www.betigazte.net\/wp-content\/uploads\/2023\/08\/9038_evento_20844_reglamento_eu-1.pdf\" type=\"application\/pdf\" style=\"width:100%;height:600px\" aria-label=\"Incrustado de Incrustado de 9038_evento_20844_reglamento_eu-1..\"><\/object><a id=\"wp-block-file--media-e802c64e-357a-4de2-bcb0-3e412d662c13\" href=\"http:\/\/www.betigazte.net\/wp-content\/uploads\/2023\/08\/9038_evento_20844_reglamento_eu-1.pdf\">9038_evento_20844_reglamento_eu-1<\/a><a href=\"http:\/\/www.betigazte.net\/wp-content\/uploads\/2023\/08\/9038_evento_20844_reglamento_eu-1.pdf\" class=\"wp-block-file__button\" download aria-describedby=\"wp-block-file--media-e802c64e-357a-4de2-bcb0-3e412d662c13\">Descarga<\/a><\/div>\n","protected":false},"excerpt":{"rendered":"<p>Este a\u00f1o, desde el Beti Gazte, hemos vuelto a organizar la Lesakako BTT Ibilaldia. Este a\u00f1o se celebrar\u00e1 el 17 de septiembre y las inscripciones est\u00e1n ya abiertas. Como todos los a\u00f1os, habr\u00e1 dos recorridos diferentes: el corto, de 23,24&#8230; <a class=\"more-link\" href=\"http:\/\/www.betigazte.net\/?p=7419\">Seguir leyendo &rarr;<\/a><\/p>\n","protected":false},"author":5,"featured_media":7415,"comment_status":"open","ping_status":"open","sticky":false,"template":"","format":"standard","meta":{"spay_email":"","footnotes":"","jetpack_publicize_message":"","jetpack_is_tweetstorm":false,"jetpack_publicize_feature_enabled":true},"categories":[2],"tags":[],"class_list":["post-7419","post","type-post","status-publish","format-standard","has-post-thumbnail","hentry","category-sin-categoria-es"],"jetpack_featured_media_url":"http:\/\/www.betigazte.net\/wp-content\/uploads\/2023\/08\/btt-ona.jpg","jetpack_publicize_connections":[],"jetpack_sharing_enabled":true,"jetpack_shortlink":"https:\/\/wp.me\/p9WiWE-1VF","_links":{"self":[{"href":"http:\/\/www.betigazte.net\/index.php?rest_route=\/wp\/v2\/posts\/7419","targetHints":{"allow":["GET"]}}],"collection":[{"href":"http:\/\/www.betigazte.net\/index.php?rest_route=\/wp\/v2\/posts"}],"about":[{"href":"http:\/\/www.betigazte.net\/index.php?rest_route=\/wp\/v2\/types\/post"}],"author":[{"embeddable":true,"href":"http:\/\/www.betigazte.net\/index.php?rest_route=\/wp\/v2\/users\/5"}],"replies":[{"embeddable":true,"href":"http:\/\/www.betigazte.net\/index.php?rest_route=%2Fwp%2Fv2%2Fcomments&post=7419"}],"version-history":[{"count":2,"href":"http:\/\/www.betigazte.net\/index.php?rest_route=\/wp\/v2\/posts\/7419\/revisions"}],"predecessor-version":[{"id":7423,"href":"http:\/\/www.betigazte.net\/index.php?rest_route=\/wp\/v2\/posts\/7419\/revisions\/7423"}],"wp:featuredmedia":[{"embeddable":true,"href":"http:\/\/www.betigazte.net\/index.php?rest_route=\/wp\/v2\/media\/7415"}],"wp:attachment":[{"href":"http:\/\/www.betigazte.net\/index.php?rest_route=%2Fwp%2Fv2%2Fmedia&parent=7419"}],"wp:term":[{"taxonomy":"category","embeddable":true,"href":"http:\/\/www.betigazte.net\/index.php?rest_route=%2Fwp%2Fv2%2Fcategories&post=7419"},{"taxonomy":"post_tag","embeddable":true,"href":"http:\/\/www.betigazte.net\/index.php?rest_route=%2Fwp%2Fv2%2Ftags&post=7419"}],"curies":[{"name":"wp","href":"https:\/\/api.w.org\/{rel}","templated":true}]}}