{"id":7434,"date":"2023-08-29T07:07:01","date_gmt":"2023-08-29T07:07:01","guid":{"rendered":"http:\/\/www.betigazte.net\/?p=7434"},"modified":"2023-08-29T07:07:04","modified_gmt":"2023-08-29T07:07:04","slug":"reuniones-informativas","status":"publish","type":"post","link":"http:\/\/www.betigazte.net\/?p=7434","title":{"rendered":"REUNIONES INFORMATIVAS"},"content":{"rendered":"\n<p>La temporada de f\u00fatbol comenzar\u00e1 en pocas semanas y, por ello, hemos organizado unas reuniones informativas con los padres\/madres de los\/as ni\u00f1os\/as de la escuela de f\u00fatbol. Las reuniones ser\u00e1n el pr\u00f3ximo jueves, 31 de agosto, en las gradas de Mastegi. Estos ser\u00e1n los horarios:<\/p>\n\n\n\n<ul class=\"wp-block-list\"><li>18:00: Prebenjamines mixto (2016)<\/li><li>18:30: Benjamines mixto (2015) y benjamines chicos (2014)<\/li><li>19:00: Alevines chicos (2013 y 2012)<\/li><li>19:30: Alev\u00edn-benjam\u00edn chicas (2014, 2013 y 2012)<\/li><\/ul>\n\n\n\n<p>\u00a1Animaos a participar!<\/p>\n","protected":false},"excerpt":{"rendered":"<p>La temporada de f\u00fatbol comenzar\u00e1 en pocas semanas y, por ello, hemos organizado unas reuniones informativas con los padres\/madres de los\/as ni\u00f1os\/as de la escuela de f\u00fatbol. Las reuniones ser\u00e1n el pr\u00f3ximo jueves, 31 de agosto, en las gradas de&#8230; <a class=\"more-link\" href=\"http:\/\/www.betigazte.net\/?p=7434\">Seguir leyendo &rarr;<\/a><\/p>\n","protected":false},"author":5,"featured_media":7431,"comment_status":"open","ping_status":"open","sticky":false,"template":"","format":"standard","meta":{"spay_email":"","footnotes":"","jetpack_publicize_message":"","jetpack_is_tweetstorm":false,"jetpack_publicize_feature_enabled":true},"categories":[2],"tags":[],"class_list":["post-7434","post","type-post","status-publish","format-standard","has-post-thumbnail","hentry","category-sin-categoria-es"],"jetpack_featured_media_url":"http:\/\/www.betigazte.net\/wp-content\/uploads\/2023\/08\/2021-2022-denboraldirako-bilera-informatiboa.jpg","jetpack_publicize_connections":[],"jetpack_sharing_enabled":true,"jetpack_shortlink":"https:\/\/wp.me\/p9WiWE-1VU","_links":{"self":[{"href":"http:\/\/www.betigazte.net\/index.php?rest_route=\/wp\/v2\/posts\/7434","targetHints":{"allow":["GET"]}}],"collection":[{"href":"http:\/\/www.betigazte.net\/index.php?rest_route=\/wp\/v2\/posts"}],"about":[{"href":"http:\/\/www.betigazte.net\/index.php?rest_route=\/wp\/v2\/types\/post"}],"author":[{"embeddable":true,"href":"http:\/\/www.betigazte.net\/index.php?rest_route=\/wp\/v2\/users\/5"}],"replies":[{"embeddable":true,"href":"http:\/\/www.betigazte.net\/index.php?rest_route=%2Fwp%2Fv2%2Fcomments&post=7434"}],"version-history":[{"count":1,"href":"http:\/\/www.betigazte.net\/index.php?rest_route=\/wp\/v2\/posts\/7434\/revisions"}],"predecessor-version":[{"id":7435,"href":"http:\/\/www.betigazte.net\/index.php?rest_route=\/wp\/v2\/posts\/7434\/revisions\/7435"}],"wp:featuredmedia":[{"embeddable":true,"href":"http:\/\/www.betigazte.net\/index.php?rest_route=\/wp\/v2\/media\/7431"}],"wp:attachment":[{"href":"http:\/\/www.betigazte.net\/index.php?rest_route=%2Fwp%2Fv2%2Fmedia&parent=7434"}],"wp:term":[{"taxonomy":"category","embeddable":true,"href":"http:\/\/www.betigazte.net\/index.php?rest_route=%2Fwp%2Fv2%2Fcategories&post=7434"},{"taxonomy":"post_tag","embeddable":true,"href":"http:\/\/www.betigazte.net\/index.php?rest_route=%2Fwp%2Fv2%2Ftags&post=7434"}],"curies":[{"name":"wp","href":"https:\/\/api.w.org\/{rel}","templated":true}]}}