{"id":7604,"date":"2023-11-29T21:39:56","date_gmt":"2023-11-29T21:39:56","guid":{"rendered":"http:\/\/www.betigazte.net\/?p=7604"},"modified":"2023-11-29T21:46:56","modified_gmt":"2023-11-29T21:46:56","slug":"licencias-de-montana-2024","status":"publish","type":"post","link":"http:\/\/www.betigazte.net\/?p=7604","title":{"rendered":"LICENCIAS DE MONTA\u00d1A 2024"},"content":{"rendered":"\n<p>Se ha abierto el plazo para dar de baja, alta o hacer cambios en las licencias de monta\u00f1a. Si para el 2024 quieres darte de alta o hacer cambios en tu licencia de monta\u00f1a tendr\u00e1s tiempo para eso hasta el 12 de diciembre. Tendr\u00e1s tres modos de hacerlo: llamando al tel\u00e9fono 626 118 123 (Argi\u00f1e), escribiendo al mail mendia@betigazte.net o present\u00e1ndote en la sede de Beti Gazte el pr\u00f3ximo 12 de diciembre, de 18:00 a 19:15. <\/p>\n\n\n\n<p>Aqu\u00ed ten\u00e9is los precios de las coberturas:<\/p>\n\n\n\n<figure class=\"wp-block-image size-large\"><img loading=\"lazy\" decoding=\"async\" width=\"724\" height=\"1024\" src=\"http:\/\/www.betigazte.net\/wp-content\/uploads\/2023\/11\/Azalpenak-1-724x1024.jpg\" alt=\"\" class=\"wp-image-7601\" srcset=\"http:\/\/www.betigazte.net\/wp-content\/uploads\/2023\/11\/Azalpenak-1-724x1024.jpg 724w, http:\/\/www.betigazte.net\/wp-content\/uploads\/2023\/11\/Azalpenak-1-212x300.jpg 212w, http:\/\/www.betigazte.net\/wp-content\/uploads\/2023\/11\/Azalpenak-1-768x1086.jpg 768w, http:\/\/www.betigazte.net\/wp-content\/uploads\/2023\/11\/Azalpenak-1-1086x1536.jpg 1086w, http:\/\/www.betigazte.net\/wp-content\/uploads\/2023\/11\/Azalpenak-1-1448x2048.jpg 1448w, http:\/\/www.betigazte.net\/wp-content\/uploads\/2023\/11\/Azalpenak-1-600x849.jpg 600w, http:\/\/www.betigazte.net\/wp-content\/uploads\/2023\/11\/Azalpenak-1-945x1337.jpg 945w, http:\/\/www.betigazte.net\/wp-content\/uploads\/2023\/11\/Azalpenak-1.jpg 1587w\" sizes=\"auto, (max-width: 724px) 100vw, 724px\" \/><\/figure>\n\n\n\n<p>Este a\u00f1o, como novedad, los federados\/as navarras tendr\u00e1n descuentos en los albergues de Catalu\u00f1a, Arag\u00f3n, Navarra, Pa\u00eds Vasco y Asturias. Adem\u00e1s, los propietarios de la tarjeta FEDME  tendr\u00e1n tambi\u00e9n descuentos en los albergues que tengan convenio europeo de reciprocidad. Aqu\u00ed ten\u00e9is toda la informaci\u00f3n sobre esto: <a href=\"https:\/\/correspondenciarefugios.org\" data-type=\"URL\" data-id=\"https:\/\/correspondenciarefugios.org\" target=\"_blank\" rel=\"noreferrer noopener\">www.correspondenciarefugios.org<\/a>.<\/p>\n\n\n\n<p>Por otro lado, si quieres obtener la tarjeta \u00fanicamente virtual, tendr\u00e1s que hac\u00e9rnoslo saber expresamente. Si no se detalla nada sobre esto, la tarjeta ser\u00e1 f\u00edsica. <\/p>\n\n\n\n<p>Para m\u00e1s informaci\u00f3n llama al 626 118 123 (Argi\u00f1e), o escribe al mail <a rel=\"noreferrer noopener\" href=\"mailto:mendia@betigazte.net\" target=\"_blank\">mendia@betigazte.net<\/a>. Tambi\u00e9n puedes visitar la p\u00e1gina web de la federaci\u00f3n:<\/p>\n\n\n\n<p><a href=\"https:\/\/www.nafarmendi.org\/contenido\/17\/tarifas-y-modalidades\" target=\"_blank\" rel=\"noreferrer noopener\">https:\/\/www.nafarmendi.org\/contenido\/17\/tarifas-y-modalidades<\/a><\/p>\n","protected":false},"excerpt":{"rendered":"<p>Se ha abierto el plazo para dar de baja, alta o hacer cambios en las licencias de monta\u00f1a. Si para el 2024 quieres darte de alta o hacer cambios en tu licencia de monta\u00f1a tendr\u00e1s tiempo para eso hasta el&#8230; <a class=\"more-link\" href=\"http:\/\/www.betigazte.net\/?p=7604\">Seguir leyendo &rarr;<\/a><\/p>\n","protected":false},"author":5,"featured_media":7599,"comment_status":"open","ping_status":"open","sticky":false,"template":"","format":"standard","meta":{"spay_email":"","footnotes":"","jetpack_publicize_message":"","jetpack_is_tweetstorm":false,"jetpack_publicize_feature_enabled":true},"categories":[2],"tags":[],"class_list":["post-7604","post","type-post","status-publish","format-standard","has-post-thumbnail","hentry","category-sin-categoria-es"],"jetpack_featured_media_url":"http:\/\/www.betigazte.net\/wp-content\/uploads\/2023\/11\/5.jpg","jetpack_publicize_connections":[],"jetpack_sharing_enabled":true,"jetpack_shortlink":"https:\/\/wp.me\/p9WiWE-1YE","_links":{"self":[{"href":"http:\/\/www.betigazte.net\/index.php?rest_route=\/wp\/v2\/posts\/7604","targetHints":{"allow":["GET"]}}],"collection":[{"href":"http:\/\/www.betigazte.net\/index.php?rest_route=\/wp\/v2\/posts"}],"about":[{"href":"http:\/\/www.betigazte.net\/index.php?rest_route=\/wp\/v2\/types\/post"}],"author":[{"embeddable":true,"href":"http:\/\/www.betigazte.net\/index.php?rest_route=\/wp\/v2\/users\/5"}],"replies":[{"embeddable":true,"href":"http:\/\/www.betigazte.net\/index.php?rest_route=%2Fwp%2Fv2%2Fcomments&post=7604"}],"version-history":[{"count":2,"href":"http:\/\/www.betigazte.net\/index.php?rest_route=\/wp\/v2\/posts\/7604\/revisions"}],"predecessor-version":[{"id":7610,"href":"http:\/\/www.betigazte.net\/index.php?rest_route=\/wp\/v2\/posts\/7604\/revisions\/7610"}],"wp:featuredmedia":[{"embeddable":true,"href":"http:\/\/www.betigazte.net\/index.php?rest_route=\/wp\/v2\/media\/7599"}],"wp:attachment":[{"href":"http:\/\/www.betigazte.net\/index.php?rest_route=%2Fwp%2Fv2%2Fmedia&parent=7604"}],"wp:term":[{"taxonomy":"category","embeddable":true,"href":"http:\/\/www.betigazte.net\/index.php?rest_route=%2Fwp%2Fv2%2Fcategories&post=7604"},{"taxonomy":"post_tag","embeddable":true,"href":"http:\/\/www.betigazte.net\/index.php?rest_route=%2Fwp%2Fv2%2Ftags&post=7604"}],"curies":[{"name":"wp","href":"https:\/\/api.w.org\/{rel}","templated":true}]}}