{"id":7766,"date":"2024-02-20T08:14:57","date_gmt":"2024-02-20T08:14:57","guid":{"rendered":"http:\/\/www.betigazte.net\/?p=7766"},"modified":"2024-02-20T14:19:50","modified_gmt":"2024-02-20T14:19:50","slug":"dia-del-arbol-2024","status":"publish","type":"post","link":"http:\/\/www.betigazte.net\/?p=7766","title":{"rendered":"D\u00cdA DEL \u00c1RBOL 2024"},"content":{"rendered":"\n<p>Este mes de febrero celebraremos el D\u00eda del \u00c1rbol 2024. Esta actividad se celebrar\u00e1 en dos jornadas diferentes, los d\u00edas 24 y 29 de febrero en concreto, en Gardelkopagoeta. Durante el primer d\u00eda se limpiar\u00e1 la zona, se meter\u00e1n los piquetes y se har\u00e1 el cerco. Despu\u00e9s de la actividad, habr\u00e1 almuerzo para los participantes.  En el segundo d\u00eda, en cambio, con la ayuda del alumnado de los centros educativos de Lesaka, se plantar\u00e1n los \u00e1rboles. <\/p>\n\n\n\n<p>La quedada, en ambos d\u00edas, ser\u00e1 a las 9:00 en la Plaza Zaharra. Todo aquel que quiera participar en la actividad, cualquiera de los dos d\u00edas, ser\u00e1 bienvenido.<\/p>\n\n\n\n<p>\u00a1Animaos a participar!<\/p>\n","protected":false},"excerpt":{"rendered":"<p>Este mes de febrero celebraremos el D\u00eda del \u00c1rbol 2024. Esta actividad se celebrar\u00e1 en dos jornadas diferentes, los d\u00edas 24 y 29 de febrero en concreto, en Gardelkopagoeta. Durante el primer d\u00eda se limpiar\u00e1 la zona, se meter\u00e1n los&#8230; <a class=\"more-link\" href=\"http:\/\/www.betigazte.net\/?p=7766\">Seguir leyendo &rarr;<\/a><\/p>\n","protected":false},"author":5,"featured_media":7768,"comment_status":"open","ping_status":"open","sticky":false,"template":"","format":"standard","meta":{"spay_email":"","footnotes":"","jetpack_publicize_message":"","jetpack_is_tweetstorm":false,"jetpack_publicize_feature_enabled":true},"categories":[2],"tags":[],"class_list":["post-7766","post","type-post","status-publish","format-standard","has-post-thumbnail","hentry","category-sin-categoria-es"],"jetpack_featured_media_url":"http:\/\/www.betigazte.net\/wp-content\/uploads\/2024\/02\/arbolan-eguna-2024-2.jpg","jetpack_publicize_connections":[],"jetpack_sharing_enabled":true,"jetpack_shortlink":"https:\/\/wp.me\/p9WiWE-21g","_links":{"self":[{"href":"http:\/\/www.betigazte.net\/index.php?rest_route=\/wp\/v2\/posts\/7766","targetHints":{"allow":["GET"]}}],"collection":[{"href":"http:\/\/www.betigazte.net\/index.php?rest_route=\/wp\/v2\/posts"}],"about":[{"href":"http:\/\/www.betigazte.net\/index.php?rest_route=\/wp\/v2\/types\/post"}],"author":[{"embeddable":true,"href":"http:\/\/www.betigazte.net\/index.php?rest_route=\/wp\/v2\/users\/5"}],"replies":[{"embeddable":true,"href":"http:\/\/www.betigazte.net\/index.php?rest_route=%2Fwp%2Fv2%2Fcomments&post=7766"}],"version-history":[{"count":2,"href":"http:\/\/www.betigazte.net\/index.php?rest_route=\/wp\/v2\/posts\/7766\/revisions"}],"predecessor-version":[{"id":7770,"href":"http:\/\/www.betigazte.net\/index.php?rest_route=\/wp\/v2\/posts\/7766\/revisions\/7770"}],"wp:featuredmedia":[{"embeddable":true,"href":"http:\/\/www.betigazte.net\/index.php?rest_route=\/wp\/v2\/media\/7768"}],"wp:attachment":[{"href":"http:\/\/www.betigazte.net\/index.php?rest_route=%2Fwp%2Fv2%2Fmedia&parent=7766"}],"wp:term":[{"taxonomy":"category","embeddable":true,"href":"http:\/\/www.betigazte.net\/index.php?rest_route=%2Fwp%2Fv2%2Fcategories&post=7766"},{"taxonomy":"post_tag","embeddable":true,"href":"http:\/\/www.betigazte.net\/index.php?rest_route=%2Fwp%2Fv2%2Ftags&post=7766"}],"curies":[{"name":"wp","href":"https:\/\/api.w.org\/{rel}","templated":true}]}}