{"id":8263,"date":"2025-01-20T13:44:39","date_gmt":"2025-01-20T13:44:39","guid":{"rendered":"http:\/\/www.betigazte.net\/?p=8263"},"modified":"2025-01-20T13:44:41","modified_gmt":"2025-01-20T13:44:41","slug":"salida-montanera-a-mendaur-25","status":"publish","type":"post","link":"http:\/\/www.betigazte.net\/?p=8263","title":{"rendered":"SALIDA MONTA\u00d1ERA A MENDAUR \u00b425"},"content":{"rendered":"\n<p>El pr\u00f3ximo domingo, 26 de enero, celebraremos una salida monta\u00f1era a Mendaur, subiendo desde Sumbilla. Quedaremos a las 7:30 en Plaza Zaharra y, desde all\u00ed, iremos en coche hasta Sumbilla. <\/p>\n\n\n\n<p>\u00a1Animaos!<\/p>\n","protected":false},"excerpt":{"rendered":"<p>El pr\u00f3ximo domingo, 26 de enero, celebraremos una salida monta\u00f1era a Mendaur, subiendo desde Sumbilla. Quedaremos a las 7:30 en Plaza Zaharra y, desde all\u00ed, iremos en coche hasta Sumbilla. \u00a1Animaos!<\/p>\n","protected":false},"author":5,"featured_media":8260,"comment_status":"open","ping_status":"open","sticky":false,"template":"","format":"standard","meta":{"spay_email":"","footnotes":"","jetpack_publicize_message":"","jetpack_is_tweetstorm":false,"jetpack_publicize_feature_enabled":true},"categories":[2],"tags":[],"class_list":["post-8263","post","type-post","status-publish","format-standard","has-post-thumbnail","hentry","category-sin-categoria-es"],"jetpack_featured_media_url":"http:\/\/www.betigazte.net\/wp-content\/uploads\/2025\/01\/Mendi-Irteerak-2.jpg","jetpack_publicize_connections":[],"jetpack_sharing_enabled":true,"jetpack_shortlink":"https:\/\/wp.me\/p9WiWE-29h","_links":{"self":[{"href":"http:\/\/www.betigazte.net\/index.php?rest_route=\/wp\/v2\/posts\/8263","targetHints":{"allow":["GET"]}}],"collection":[{"href":"http:\/\/www.betigazte.net\/index.php?rest_route=\/wp\/v2\/posts"}],"about":[{"href":"http:\/\/www.betigazte.net\/index.php?rest_route=\/wp\/v2\/types\/post"}],"author":[{"embeddable":true,"href":"http:\/\/www.betigazte.net\/index.php?rest_route=\/wp\/v2\/users\/5"}],"replies":[{"embeddable":true,"href":"http:\/\/www.betigazte.net\/index.php?rest_route=%2Fwp%2Fv2%2Fcomments&post=8263"}],"version-history":[{"count":1,"href":"http:\/\/www.betigazte.net\/index.php?rest_route=\/wp\/v2\/posts\/8263\/revisions"}],"predecessor-version":[{"id":8264,"href":"http:\/\/www.betigazte.net\/index.php?rest_route=\/wp\/v2\/posts\/8263\/revisions\/8264"}],"wp:featuredmedia":[{"embeddable":true,"href":"http:\/\/www.betigazte.net\/index.php?rest_route=\/wp\/v2\/media\/8260"}],"wp:attachment":[{"href":"http:\/\/www.betigazte.net\/index.php?rest_route=%2Fwp%2Fv2%2Fmedia&parent=8263"}],"wp:term":[{"taxonomy":"category","embeddable":true,"href":"http:\/\/www.betigazte.net\/index.php?rest_route=%2Fwp%2Fv2%2Fcategories&post=8263"},{"taxonomy":"post_tag","embeddable":true,"href":"http:\/\/www.betigazte.net\/index.php?rest_route=%2Fwp%2Fv2%2Ftags&post=8263"}],"curies":[{"name":"wp","href":"https:\/\/api.w.org\/{rel}","templated":true}]}}