{"id":8364,"date":"2025-03-20T14:54:15","date_gmt":"2025-03-20T14:54:15","guid":{"rendered":"http:\/\/www.betigazte.net\/?p=8364"},"modified":"2025-03-20T14:54:24","modified_gmt":"2025-03-20T14:54:24","slug":"premio-de-la-federacion-navarra-de-futbol","status":"publish","type":"post","link":"http:\/\/www.betigazte.net\/?p=8364","title":{"rendered":"PREMIO DE LA FEDERACI\u00d3N NAVARRA DE F\u00daTBOL"},"content":{"rendered":"\n<p>El pasado viernes, 14 de marzo, la Federaci\u00f3n Navarra de F\u00fatbol celebr\u00f3 la gala de premios de la temporada 2023\/2024 en Pamplona. <\/p>\n\n\n\n<p>Beti Gazte fue premiado ah\u00ed, en concreto, el equipo Benjam\u00edn B de la temporada pasada, por haber sido el ganador de su grupos. Los entrenadores German Deskarga Oiartzabal e Ina Garcia Icuza recogieron el premio y, al d\u00eda siguiente, se lo entregaron al equipo, actual Alev\u00edn. <\/p>\n\n\n\n<figure class=\"wp-block-gallery has-nested-images columns-default is-cropped wp-block-gallery-1 is-layout-flex wp-block-gallery-is-layout-flex\">\n<figure class=\"wp-block-image size-large\"><img loading=\"lazy\" decoding=\"async\" width=\"1024\" height=\"768\" data-id=\"8361\" src=\"http:\/\/www.betigazte.net\/wp-content\/uploads\/2025\/03\/cf4102ba-9a37-4c47-8c81-2147043b1d1c-1-1024x768.jpeg\" alt=\"\" class=\"wp-image-8361\" srcset=\"http:\/\/www.betigazte.net\/wp-content\/uploads\/2025\/03\/cf4102ba-9a37-4c47-8c81-2147043b1d1c-1-1024x768.jpeg 1024w, http:\/\/www.betigazte.net\/wp-content\/uploads\/2025\/03\/cf4102ba-9a37-4c47-8c81-2147043b1d1c-1-300x225.jpeg 300w, http:\/\/www.betigazte.net\/wp-content\/uploads\/2025\/03\/cf4102ba-9a37-4c47-8c81-2147043b1d1c-1-768x576.jpeg 768w, http:\/\/www.betigazte.net\/wp-content\/uploads\/2025\/03\/cf4102ba-9a37-4c47-8c81-2147043b1d1c-1-1536x1152.jpeg 1536w, http:\/\/www.betigazte.net\/wp-content\/uploads\/2025\/03\/cf4102ba-9a37-4c47-8c81-2147043b1d1c-1-600x450.jpeg 600w, http:\/\/www.betigazte.net\/wp-content\/uploads\/2025\/03\/cf4102ba-9a37-4c47-8c81-2147043b1d1c-1-945x709.jpeg 945w, http:\/\/www.betigazte.net\/wp-content\/uploads\/2025\/03\/cf4102ba-9a37-4c47-8c81-2147043b1d1c-1.jpeg 1600w\" sizes=\"auto, (max-width: 1024px) 100vw, 1024px\" \/><\/figure>\n\n\n\n<figure class=\"wp-block-image size-large\"><img loading=\"lazy\" decoding=\"async\" width=\"1024\" height=\"768\" data-id=\"8360\" src=\"http:\/\/www.betigazte.net\/wp-content\/uploads\/2025\/03\/d6472dee-0ba4-46d0-b281-fe536b63ff54-1-1024x768.jpeg\" alt=\"\" class=\"wp-image-8360\" srcset=\"http:\/\/www.betigazte.net\/wp-content\/uploads\/2025\/03\/d6472dee-0ba4-46d0-b281-fe536b63ff54-1-1024x768.jpeg 1024w, http:\/\/www.betigazte.net\/wp-content\/uploads\/2025\/03\/d6472dee-0ba4-46d0-b281-fe536b63ff54-1-300x225.jpeg 300w, http:\/\/www.betigazte.net\/wp-content\/uploads\/2025\/03\/d6472dee-0ba4-46d0-b281-fe536b63ff54-1-768x576.jpeg 768w, http:\/\/www.betigazte.net\/wp-content\/uploads\/2025\/03\/d6472dee-0ba4-46d0-b281-fe536b63ff54-1-1536x1152.jpeg 1536w, http:\/\/www.betigazte.net\/wp-content\/uploads\/2025\/03\/d6472dee-0ba4-46d0-b281-fe536b63ff54-1-600x450.jpeg 600w, http:\/\/www.betigazte.net\/wp-content\/uploads\/2025\/03\/d6472dee-0ba4-46d0-b281-fe536b63ff54-1-945x709.jpeg 945w, http:\/\/www.betigazte.net\/wp-content\/uploads\/2025\/03\/d6472dee-0ba4-46d0-b281-fe536b63ff54-1.jpeg 1600w\" sizes=\"auto, (max-width: 1024px) 100vw, 1024px\" \/><\/figure>\n<\/figure>\n\n\n\n<p>Zorionak eta mila esker!<\/p>\n","protected":false},"excerpt":{"rendered":"<p>El pasado viernes, 14 de marzo, la Federaci\u00f3n Navarra de F\u00fatbol celebr\u00f3 la gala de premios de la temporada 2023\/2024 en Pamplona. Beti Gazte fue premiado ah\u00ed, en concreto, el equipo Benjam\u00edn B de la temporada pasada, por haber sido&#8230; <a class=\"more-link\" href=\"http:\/\/www.betigazte.net\/?p=8364\">Seguir leyendo &rarr;<\/a><\/p>\n","protected":false},"author":5,"featured_media":8354,"comment_status":"open","ping_status":"open","sticky":false,"template":"","format":"standard","meta":{"spay_email":"","footnotes":"","jetpack_publicize_message":"","jetpack_is_tweetstorm":false,"jetpack_publicize_feature_enabled":true},"categories":[2],"tags":[],"class_list":["post-8364","post","type-post","status-publish","format-standard","has-post-thumbnail","hentry","category-sin-categoria-es"],"jetpack_featured_media_url":"http:\/\/www.betigazte.net\/wp-content\/uploads\/2025\/03\/c82d9721-98b1-43bc-a33d-afcb5cd75c58.jpeg","jetpack_publicize_connections":[],"jetpack_sharing_enabled":true,"jetpack_shortlink":"https:\/\/wp.me\/p9WiWE-2aU","_links":{"self":[{"href":"http:\/\/www.betigazte.net\/index.php?rest_route=\/wp\/v2\/posts\/8364","targetHints":{"allow":["GET"]}}],"collection":[{"href":"http:\/\/www.betigazte.net\/index.php?rest_route=\/wp\/v2\/posts"}],"about":[{"href":"http:\/\/www.betigazte.net\/index.php?rest_route=\/wp\/v2\/types\/post"}],"author":[{"embeddable":true,"href":"http:\/\/www.betigazte.net\/index.php?rest_route=\/wp\/v2\/users\/5"}],"replies":[{"embeddable":true,"href":"http:\/\/www.betigazte.net\/index.php?rest_route=%2Fwp%2Fv2%2Fcomments&post=8364"}],"version-history":[{"count":1,"href":"http:\/\/www.betigazte.net\/index.php?rest_route=\/wp\/v2\/posts\/8364\/revisions"}],"predecessor-version":[{"id":8365,"href":"http:\/\/www.betigazte.net\/index.php?rest_route=\/wp\/v2\/posts\/8364\/revisions\/8365"}],"wp:featuredmedia":[{"embeddable":true,"href":"http:\/\/www.betigazte.net\/index.php?rest_route=\/wp\/v2\/media\/8354"}],"wp:attachment":[{"href":"http:\/\/www.betigazte.net\/index.php?rest_route=%2Fwp%2Fv2%2Fmedia&parent=8364"}],"wp:term":[{"taxonomy":"category","embeddable":true,"href":"http:\/\/www.betigazte.net\/index.php?rest_route=%2Fwp%2Fv2%2Fcategories&post=8364"},{"taxonomy":"post_tag","embeddable":true,"href":"http:\/\/www.betigazte.net\/index.php?rest_route=%2Fwp%2Fv2%2Ftags&post=8364"}],"curies":[{"name":"wp","href":"https:\/\/api.w.org\/{rel}","templated":true}]}}