{"id":8465,"date":"2025-05-28T12:43:27","date_gmt":"2025-05-28T12:43:27","guid":{"rendered":"http:\/\/www.betigazte.net\/?p=8465"},"modified":"2025-05-28T12:43:28","modified_gmt":"2025-05-28T12:43:28","slug":"salida-al-pirinero-25","status":"publish","type":"post","link":"http:\/\/www.betigazte.net\/?p=8465","title":{"rendered":"SALIDA AL PIRINERO \u00b425"},"content":{"rendered":"\n<p>Este verano, como todos los a\u00f1os, hemos organizado la salida al Pirineo. Concretamente se ir\u00e1 a Col de tintes, Refugio de Goriz y a Pradera de Pineta, del 19 al 20 de julio. La salida est\u00e1 dirigida a aquellos\/as monta\u00f1eros\/as que tengan licencia C o seguro particular. Las plazas ser\u00e1n limitas, por lo que pedimos a los que tengan inter\u00e9s que llamen o escriban al n\u00famero 626 11 81 23 (Argi\u00f1e), antes del 10 de junio, para obtener m\u00e1s informaci\u00f3n tambi\u00e9n. <\/p>\n\n\n\n<p>Animatu!<\/p>\n","protected":false},"excerpt":{"rendered":"<p>Este verano, como todos los a\u00f1os, hemos organizado la salida al Pirineo. Concretamente se ir\u00e1 a Col de tintes, Refugio de Goriz y a Pradera de Pineta, del 19 al 20 de julio. La salida est\u00e1 dirigida a aquellos\/as monta\u00f1eros\/as&#8230; <a class=\"more-link\" href=\"http:\/\/www.betigazte.net\/?p=8465\">Seguir leyendo &rarr;<\/a><\/p>\n","protected":false},"author":5,"featured_media":8461,"comment_status":"open","ping_status":"open","sticky":false,"template":"","format":"standard","meta":{"spay_email":"","footnotes":"","jetpack_publicize_message":"","jetpack_is_tweetstorm":false,"jetpack_publicize_feature_enabled":true},"categories":[2],"tags":[],"class_list":["post-8465","post","type-post","status-publish","format-standard","has-post-thumbnail","hentry","category-sin-categoria-es"],"jetpack_featured_media_url":"http:\/\/www.betigazte.net\/wp-content\/uploads\/2025\/05\/Pirineora-irteera-25.jpg","jetpack_publicize_connections":[],"jetpack_sharing_enabled":true,"jetpack_shortlink":"https:\/\/wp.me\/p9WiWE-2cx","_links":{"self":[{"href":"http:\/\/www.betigazte.net\/index.php?rest_route=\/wp\/v2\/posts\/8465","targetHints":{"allow":["GET"]}}],"collection":[{"href":"http:\/\/www.betigazte.net\/index.php?rest_route=\/wp\/v2\/posts"}],"about":[{"href":"http:\/\/www.betigazte.net\/index.php?rest_route=\/wp\/v2\/types\/post"}],"author":[{"embeddable":true,"href":"http:\/\/www.betigazte.net\/index.php?rest_route=\/wp\/v2\/users\/5"}],"replies":[{"embeddable":true,"href":"http:\/\/www.betigazte.net\/index.php?rest_route=%2Fwp%2Fv2%2Fcomments&post=8465"}],"version-history":[{"count":1,"href":"http:\/\/www.betigazte.net\/index.php?rest_route=\/wp\/v2\/posts\/8465\/revisions"}],"predecessor-version":[{"id":8466,"href":"http:\/\/www.betigazte.net\/index.php?rest_route=\/wp\/v2\/posts\/8465\/revisions\/8466"}],"wp:featuredmedia":[{"embeddable":true,"href":"http:\/\/www.betigazte.net\/index.php?rest_route=\/wp\/v2\/media\/8461"}],"wp:attachment":[{"href":"http:\/\/www.betigazte.net\/index.php?rest_route=%2Fwp%2Fv2%2Fmedia&parent=8465"}],"wp:term":[{"taxonomy":"category","embeddable":true,"href":"http:\/\/www.betigazte.net\/index.php?rest_route=%2Fwp%2Fv2%2Fcategories&post=8465"},{"taxonomy":"post_tag","embeddable":true,"href":"http:\/\/www.betigazte.net\/index.php?rest_route=%2Fwp%2Fv2%2Ftags&post=8465"}],"curies":[{"name":"wp","href":"https:\/\/api.w.org\/{rel}","templated":true}]}}