{"id":8498,"date":"2025-08-21T08:19:02","date_gmt":"2025-08-21T08:19:02","guid":{"rendered":"http:\/\/www.betigazte.net\/?p=8498"},"modified":"2025-08-21T08:19:04","modified_gmt":"2025-08-21T08:19:04","slug":"lesakako-btt-ibilaldia-25","status":"publish","type":"post","link":"http:\/\/www.betigazte.net\/?p=8498","title":{"rendered":"LESAKAKO BTT IBILALDIA \u00b425"},"content":{"rendered":"\n<p>Este a\u00f1o, desde el Beti Gazte, hemos vuelto a organizar la Lesakako BTT Ibilaldia. Este a\u00f1o se celebrar\u00e1 el 14 de septiembre y las inscripciones est\u00e1n ya abiertas.<\/p>\n\n\n\n<p>Como todos los a\u00f1os, habr\u00e1 dos recorridos diferentes: el corto, de 23,24 kil\u00f3metros y 770 metros de desnivel; y el largo, de 37,1 kil\u00f3metros y 1414 metros de desnivel. La salida ser\u00e1 a las 9:00 desde la Plaza Zaharra. <\/p>\n\n\n\n<p>Las inscripciones est\u00e1n ya abiertas en el siguiente enlace: <a href=\"https:\/\/inscripcion.kirolprobak.com\/inscripcion\/lesakako-btt-ibilaldia-2025\/\">https:\/\/inscripcion.kirolprobak.com\/inscripcion\/lesakako-btt-ibilaldia-2025\/<\/a>. Se podr\u00e1 inscribir hasta el 12 de septiembre, a las 23:59.<\/p>\n\n\n\n<p>Aqu\u00ed ten\u00e9is el reglamento de la prueba:<\/p>\n\n\n\n<div data-wp-interactive=\"core\/file\" class=\"wp-block-file\"><object data-wp-bind--hidden=\"!state.hasPdfPreview\" hidden class=\"wp-block-file__embed\" data=\"http:\/\/www.betigazte.net\/wp-content\/uploads\/2025\/08\/Lesakako-BTT-Ibilaldia-2025.-Reglamento.pdf\" type=\"application\/pdf\" style=\"width:100%;height:600px\" aria-label=\"Incrustado de Lesakako BTT Ibilaldia 2025. Reglamento.\"><\/object><a id=\"wp-block-file--media-6eae85cd-f54e-4dfa-9a43-eb61a3549fc8\" href=\"http:\/\/www.betigazte.net\/wp-content\/uploads\/2025\/08\/Lesakako-BTT-Ibilaldia-2025.-Reglamento.pdf\">Lesakako BTT Ibilaldia 2025. Reglamento<\/a><a href=\"http:\/\/www.betigazte.net\/wp-content\/uploads\/2025\/08\/Lesakako-BTT-Ibilaldia-2025.-Reglamento.pdf\" class=\"wp-block-file__button wp-element-button\" download aria-describedby=\"wp-block-file--media-6eae85cd-f54e-4dfa-9a43-eb61a3549fc8\">Descarga<\/a><\/div>\n\n\n\n<p>Adem\u00e1s de esto, los participantes menores de edad que se inscriban tendr\u00e1n que presentar el d\u00eda de la prueba, a la hora de recoger el dorsal, un documento con sus datos y firmado por su tutor legal, para confirmar su permiso para participar en la prueba. Aqu\u00ed est\u00e1 el documento a rellenar y firmar:<\/p>\n\n\n\n<p><\/p>\n","protected":false},"excerpt":{"rendered":"<p>Este a\u00f1o, desde el Beti Gazte, hemos vuelto a organizar la Lesakako BTT Ibilaldia. Este a\u00f1o se celebrar\u00e1 el 14 de septiembre y las inscripciones est\u00e1n ya abiertas. Como todos los a\u00f1os, habr\u00e1 dos recorridos diferentes: el corto, de 23,24&#8230; <a class=\"more-link\" href=\"http:\/\/www.betigazte.net\/?p=8498\">Seguir leyendo &rarr;<\/a><\/p>\n","protected":false},"author":5,"featured_media":8499,"comment_status":"open","ping_status":"open","sticky":false,"template":"","format":"standard","meta":{"spay_email":"","footnotes":"","jetpack_publicize_message":"","jetpack_is_tweetstorm":false,"jetpack_publicize_feature_enabled":true},"categories":[2],"tags":[],"class_list":["post-8498","post","type-post","status-publish","format-standard","has-post-thumbnail","hentry","category-sin-categoria-es"],"jetpack_featured_media_url":"http:\/\/www.betigazte.net\/wp-content\/uploads\/2025\/08\/btt-ona.jpg","jetpack_publicize_connections":[],"jetpack_sharing_enabled":true,"jetpack_shortlink":"https:\/\/wp.me\/p9WiWE-2d4","_links":{"self":[{"href":"http:\/\/www.betigazte.net\/index.php?rest_route=\/wp\/v2\/posts\/8498","targetHints":{"allow":["GET"]}}],"collection":[{"href":"http:\/\/www.betigazte.net\/index.php?rest_route=\/wp\/v2\/posts"}],"about":[{"href":"http:\/\/www.betigazte.net\/index.php?rest_route=\/wp\/v2\/types\/post"}],"author":[{"embeddable":true,"href":"http:\/\/www.betigazte.net\/index.php?rest_route=\/wp\/v2\/users\/5"}],"replies":[{"embeddable":true,"href":"http:\/\/www.betigazte.net\/index.php?rest_route=%2Fwp%2Fv2%2Fcomments&post=8498"}],"version-history":[{"count":1,"href":"http:\/\/www.betigazte.net\/index.php?rest_route=\/wp\/v2\/posts\/8498\/revisions"}],"predecessor-version":[{"id":8501,"href":"http:\/\/www.betigazte.net\/index.php?rest_route=\/wp\/v2\/posts\/8498\/revisions\/8501"}],"wp:featuredmedia":[{"embeddable":true,"href":"http:\/\/www.betigazte.net\/index.php?rest_route=\/wp\/v2\/media\/8499"}],"wp:attachment":[{"href":"http:\/\/www.betigazte.net\/index.php?rest_route=%2Fwp%2Fv2%2Fmedia&parent=8498"}],"wp:term":[{"taxonomy":"category","embeddable":true,"href":"http:\/\/www.betigazte.net\/index.php?rest_route=%2Fwp%2Fv2%2Fcategories&post=8498"},{"taxonomy":"post_tag","embeddable":true,"href":"http:\/\/www.betigazte.net\/index.php?rest_route=%2Fwp%2Fv2%2Ftags&post=8498"}],"curies":[{"name":"wp","href":"https:\/\/api.w.org\/{rel}","templated":true}]}}