{"id":8556,"date":"2025-12-11T09:38:14","date_gmt":"2025-12-11T09:38:14","guid":{"rendered":"http:\/\/www.betigazte.net\/?p=8556"},"modified":"2025-12-11T09:38:16","modified_gmt":"2025-12-11T09:38:16","slug":"salida-montanera-a-elutxa-25","status":"publish","type":"post","link":"http:\/\/www.betigazte.net\/?p=8556","title":{"rendered":"SALIDA MONTA\u00d1ERA A ELUTXA \u00b425"},"content":{"rendered":"\n<p>El pr\u00f3ximo domingo, 21 de diciembre, se celebrar\u00e1 la ya tradicional salida monta\u00f1era a Elutxa. El grupo quedar\u00e1 a las 8:00 en la Plaza Zaharra de Lesaka y de all\u00ed ir\u00e1 a Elutxa. Al llegar, se har\u00e1 chistorrada.<\/p>\n\n\n\n<p>\u00a1Animaos a participar!<\/p>\n","protected":false},"excerpt":{"rendered":"<p>El pr\u00f3ximo domingo, 21 de diciembre, se celebrar\u00e1 la ya tradicional salida monta\u00f1era a Elutxa. El grupo quedar\u00e1 a las 8:00 en la Plaza Zaharra de Lesaka y de all\u00ed ir\u00e1 a Elutxa. Al llegar, se har\u00e1 chistorrada. \u00a1Animaos a&#8230; <a class=\"more-link\" href=\"http:\/\/www.betigazte.net\/?p=8556\">Seguir leyendo &rarr;<\/a><\/p>\n","protected":false},"author":5,"featured_media":8553,"comment_status":"open","ping_status":"open","sticky":false,"template":"","format":"standard","meta":{"spay_email":"","footnotes":"","jetpack_publicize_message":"","jetpack_is_tweetstorm":false,"jetpack_publicize_feature_enabled":true},"categories":[2],"tags":[],"class_list":["post-8556","post","type-post","status-publish","format-standard","has-post-thumbnail","hentry","category-sin-categoria-es"],"jetpack_featured_media_url":"http:\/\/www.betigazte.net\/wp-content\/uploads\/2025\/12\/Mendi-Irteerak.jpg","jetpack_publicize_connections":[],"jetpack_sharing_enabled":true,"jetpack_shortlink":"https:\/\/wp.me\/p9WiWE-2e0","_links":{"self":[{"href":"http:\/\/www.betigazte.net\/index.php?rest_route=\/wp\/v2\/posts\/8556","targetHints":{"allow":["GET"]}}],"collection":[{"href":"http:\/\/www.betigazte.net\/index.php?rest_route=\/wp\/v2\/posts"}],"about":[{"href":"http:\/\/www.betigazte.net\/index.php?rest_route=\/wp\/v2\/types\/post"}],"author":[{"embeddable":true,"href":"http:\/\/www.betigazte.net\/index.php?rest_route=\/wp\/v2\/users\/5"}],"replies":[{"embeddable":true,"href":"http:\/\/www.betigazte.net\/index.php?rest_route=%2Fwp%2Fv2%2Fcomments&post=8556"}],"version-history":[{"count":1,"href":"http:\/\/www.betigazte.net\/index.php?rest_route=\/wp\/v2\/posts\/8556\/revisions"}],"predecessor-version":[{"id":8557,"href":"http:\/\/www.betigazte.net\/index.php?rest_route=\/wp\/v2\/posts\/8556\/revisions\/8557"}],"wp:featuredmedia":[{"embeddable":true,"href":"http:\/\/www.betigazte.net\/index.php?rest_route=\/wp\/v2\/media\/8553"}],"wp:attachment":[{"href":"http:\/\/www.betigazte.net\/index.php?rest_route=%2Fwp%2Fv2%2Fmedia&parent=8556"}],"wp:term":[{"taxonomy":"category","embeddable":true,"href":"http:\/\/www.betigazte.net\/index.php?rest_route=%2Fwp%2Fv2%2Fcategories&post=8556"},{"taxonomy":"post_tag","embeddable":true,"href":"http:\/\/www.betigazte.net\/index.php?rest_route=%2Fwp%2Fv2%2Ftags&post=8556"}],"curies":[{"name":"wp","href":"https:\/\/api.w.org\/{rel}","templated":true}]}}