{"id":8569,"date":"2025-12-20T09:53:57","date_gmt":"2025-12-20T09:53:57","guid":{"rendered":"http:\/\/www.betigazte.net\/?p=8569"},"modified":"2025-12-20T09:55:27","modified_gmt":"2025-12-20T09:55:27","slug":"licencias-de-ciclismo-2026","status":"publish","type":"post","link":"http:\/\/www.betigazte.net\/?p=8569","title":{"rendered":"LICENCIAS DE CICLISMO 2026"},"content":{"rendered":"\n<p>Hemos abierto el plazo para dar de alta las licencias de ciclismo para 2026. El 29 de diciembre ser\u00e1 el \u00faltimo d\u00eda para notificar el alta y se tendr\u00e1 que hacer escribiendo un mensaje al n\u00famero 626 118 123 (Argi\u00f1e) o a la direcci\u00f3n de correo electr\u00f3nico kirola@betigazte.net. Ah\u00ed encontrar\u00e9is informaci\u00f3n m\u00e1s completa tambi\u00e9n. Adem\u00e1s, los pr\u00f3ximos dos lunes, 22 y 29 de diciembre, estaremos en la sede gestionando las licencias, de 18:00 a 19:00.<\/p>\n\n\n\n<p>Aqu\u00ed ten\u00e9is todos los precios:<\/p>\n\n\n\n<figure class=\"wp-block-image size-large\"><img loading=\"lazy\" decoding=\"async\" width=\"724\" height=\"1024\" src=\"http:\/\/www.betigazte.net\/wp-content\/uploads\/2025\/12\/22-1-724x1024.jpg\" alt=\"\" class=\"wp-image-8570\" srcset=\"http:\/\/www.betigazte.net\/wp-content\/uploads\/2025\/12\/22-1-724x1024.jpg 724w, http:\/\/www.betigazte.net\/wp-content\/uploads\/2025\/12\/22-1-212x300.jpg 212w, http:\/\/www.betigazte.net\/wp-content\/uploads\/2025\/12\/22-1-768x1086.jpg 768w, http:\/\/www.betigazte.net\/wp-content\/uploads\/2025\/12\/22-1-1086x1536.jpg 1086w, http:\/\/www.betigazte.net\/wp-content\/uploads\/2025\/12\/22-1-1448x2048.jpg 1448w, http:\/\/www.betigazte.net\/wp-content\/uploads\/2025\/12\/22-1-600x849.jpg 600w, http:\/\/www.betigazte.net\/wp-content\/uploads\/2025\/12\/22-1-945x1337.jpg 945w, http:\/\/www.betigazte.net\/wp-content\/uploads\/2025\/12\/22-1.jpg 1587w\" sizes=\"auto, (max-width: 724px) 100vw, 724px\" \/><\/figure>\n","protected":false},"excerpt":{"rendered":"<p>Hemos abierto el plazo para dar de alta las licencias de ciclismo para 2026. El 29 de diciembre ser\u00e1 el \u00faltimo d\u00eda para notificar el alta y se tendr\u00e1 que hacer escribiendo un mensaje al n\u00famero 626 118 123 (Argi\u00f1e)&#8230; <a class=\"more-link\" href=\"http:\/\/www.betigazte.net\/?p=8569\">Seguir leyendo &rarr;<\/a><\/p>\n","protected":false},"author":5,"featured_media":8566,"comment_status":"open","ping_status":"open","sticky":false,"template":"","format":"standard","meta":{"spay_email":"","footnotes":"","jetpack_publicize_message":"","jetpack_is_tweetstorm":false,"jetpack_publicize_feature_enabled":true},"categories":[2],"tags":[],"class_list":["post-8569","post","type-post","status-publish","format-standard","has-post-thumbnail","hentry","category-sin-categoria-es"],"jetpack_featured_media_url":"http:\/\/www.betigazte.net\/wp-content\/uploads\/2025\/12\/19.jpg","jetpack_publicize_connections":[],"jetpack_sharing_enabled":true,"jetpack_shortlink":"https:\/\/wp.me\/p9WiWE-2ed","_links":{"self":[{"href":"http:\/\/www.betigazte.net\/index.php?rest_route=\/wp\/v2\/posts\/8569","targetHints":{"allow":["GET"]}}],"collection":[{"href":"http:\/\/www.betigazte.net\/index.php?rest_route=\/wp\/v2\/posts"}],"about":[{"href":"http:\/\/www.betigazte.net\/index.php?rest_route=\/wp\/v2\/types\/post"}],"author":[{"embeddable":true,"href":"http:\/\/www.betigazte.net\/index.php?rest_route=\/wp\/v2\/users\/5"}],"replies":[{"embeddable":true,"href":"http:\/\/www.betigazte.net\/index.php?rest_route=%2Fwp%2Fv2%2Fcomments&post=8569"}],"version-history":[{"count":1,"href":"http:\/\/www.betigazte.net\/index.php?rest_route=\/wp\/v2\/posts\/8569\/revisions"}],"predecessor-version":[{"id":8571,"href":"http:\/\/www.betigazte.net\/index.php?rest_route=\/wp\/v2\/posts\/8569\/revisions\/8571"}],"wp:featuredmedia":[{"embeddable":true,"href":"http:\/\/www.betigazte.net\/index.php?rest_route=\/wp\/v2\/media\/8566"}],"wp:attachment":[{"href":"http:\/\/www.betigazte.net\/index.php?rest_route=%2Fwp%2Fv2%2Fmedia&parent=8569"}],"wp:term":[{"taxonomy":"category","embeddable":true,"href":"http:\/\/www.betigazte.net\/index.php?rest_route=%2Fwp%2Fv2%2Fcategories&post=8569"},{"taxonomy":"post_tag","embeddable":true,"href":"http:\/\/www.betigazte.net\/index.php?rest_route=%2Fwp%2Fv2%2Ftags&post=8569"}],"curies":[{"name":"wp","href":"https:\/\/api.w.org\/{rel}","templated":true}]}}