{"id":8607,"date":"2026-01-04T10:03:44","date_gmt":"2026-01-04T10:03:44","guid":{"rendered":"http:\/\/www.betigazte.net\/?p=8607"},"modified":"2026-01-04T10:03:46","modified_gmt":"2026-01-04T10:03:46","slug":"vii-lesakako-mendi-lasterketa-2","status":"publish","type":"post","link":"http:\/\/www.betigazte.net\/?p=8607","title":{"rendered":"VII LESAKAKO MENDI LASTERKETA"},"content":{"rendered":"\n<p>El pr\u00f3ximo <strong>domingo 15 de marzo por la ma\u00f1ana <\/strong>se celebrar\u00e1 la VII. edici\u00f3n de la <strong>Lesakako Mendi Lasterketa<\/strong>, una cita ya consolidada en el calendario de carreras de monta\u00f1a y muy esperada por los amantes por todos los corredores de nuestros alrededores, as\u00ed como de toda Euskal Herria. El entorno natural del t\u00e9rmino municipal de Lesaka volver\u00e1 a ser el escenario de una jornada deportiva \u00fanica, con <strong>paisajes espectaculares <\/strong>y una organizaci\u00f3n cuidada al detalle.<\/p>\n\n\n\n<p>Como en ediciones anteriores, la prueba constar\u00e1 de <strong>14 kil\u00f3metros <\/strong>de recorrido&nbsp; y <strong>900 metros<\/strong> de desnivel positivo. El recorrido ser\u00e1 circular, saliendo desde la Plaza de Lesaka y subiendo primero a Frain (455m), bajando luego a Piedad y, desde ah\u00ed, encarando el punto m\u00e1s alto de la prueba, Unanua (650m), para poder terminar otra vez bajando a la Plaza de Lesaka.<\/p>\n\n\n\n<p>Las <strong>inscripciones online est\u00e1n ya abiertas <\/strong>a trav\u00e9s del portal <a href=\"http:\/\/www.kronoak.com\/\">www.kronoak.com<\/a> y permanecer\u00e1n disponibles <strong>desde el 2 de enero de 2026, hasta el 13 de marzo a las 12:00, o hasta que los dorsales se agoten<\/strong>. Este a\u00f1o tambi\u00e9n estar\u00e1n disponibles un total de 300 dorsales. Toda la informaci\u00f3n relativa al recorrido, horarios y normativa tambi\u00e9n podr\u00e1 consultarse aqu\u00ed:<\/p>\n\n\n\n<div class=\"wp-block-file\"><a id=\"wp-block-file--media-fddcaed4-2750-4611-bc67-442218bc2406\" href=\"http:\/\/www.betigazte.net\/wp-content\/uploads\/2026\/01\/CAST.-REGLAMENTO-LML26.docx\">[CAST]. REGLAMENTO LML26<\/a><a href=\"http:\/\/www.betigazte.net\/wp-content\/uploads\/2026\/01\/CAST.-REGLAMENTO-LML26.docx\" class=\"wp-block-file__button wp-element-button\" download aria-describedby=\"wp-block-file--media-fddcaed4-2750-4611-bc67-442218bc2406\">Descarga<\/a><\/div>\n\n\n\n<p>Desde el club Beti Gazte animamos a toda la ciudadan\u00eda aficionada al deporte a <strong>participar en esta fiesta del monte<\/strong>, apta tanto para quienes buscan superarse como para quienes simplemente quieren disfrutar del deporte en un entorno privilegiado.<\/p>\n\n\n\n<p>Queremos aprovechar para <strong>agradecer sinceramente a todos los patrocinadores, colaboradores y voluntarios y voluntarias <\/strong>que, un a\u00f1o m\u00e1s, hacen posible la celebraci\u00f3n de esta marcha. Su compromiso y esfuerzo son fundamentales para seguir creciendo y ofreciendo una prueba de calidad.<\/p>\n\n\n\n<p>\u00a1Nos vemos el 15 de marzo en Lesaka! \u00a1No te quedes sin tu dorsal!<\/p>\n","protected":false},"excerpt":{"rendered":"<p>El pr\u00f3ximo domingo 15 de marzo por la ma\u00f1ana se celebrar\u00e1 la VII. edici\u00f3n de la Lesakako Mendi Lasterketa, una cita ya consolidada en el calendario de carreras de monta\u00f1a y muy esperada por los amantes por todos los corredores&#8230; <a class=\"more-link\" href=\"http:\/\/www.betigazte.net\/?p=8607\">Seguir leyendo &rarr;<\/a><\/p>\n","protected":false},"author":5,"featured_media":8603,"comment_status":"open","ping_status":"open","sticky":false,"template":"","format":"standard","meta":{"spay_email":"","footnotes":"","jetpack_publicize_message":"","jetpack_is_tweetstorm":false,"jetpack_publicize_feature_enabled":true},"categories":[2],"tags":[],"class_list":["post-8607","post","type-post","status-publish","format-standard","has-post-thumbnail","hentry","category-sin-categoria-es"],"jetpack_featured_media_url":"http:\/\/www.betigazte.net\/wp-content\/uploads\/2026\/01\/LML-kartela-2026-ZIRRIBORROA_page-0001.jpg","jetpack_publicize_connections":[],"jetpack_sharing_enabled":true,"jetpack_shortlink":"https:\/\/wp.me\/p9WiWE-2eP","_links":{"self":[{"href":"http:\/\/www.betigazte.net\/index.php?rest_route=\/wp\/v2\/posts\/8607","targetHints":{"allow":["GET"]}}],"collection":[{"href":"http:\/\/www.betigazte.net\/index.php?rest_route=\/wp\/v2\/posts"}],"about":[{"href":"http:\/\/www.betigazte.net\/index.php?rest_route=\/wp\/v2\/types\/post"}],"author":[{"embeddable":true,"href":"http:\/\/www.betigazte.net\/index.php?rest_route=\/wp\/v2\/users\/5"}],"replies":[{"embeddable":true,"href":"http:\/\/www.betigazte.net\/index.php?rest_route=%2Fwp%2Fv2%2Fcomments&post=8607"}],"version-history":[{"count":1,"href":"http:\/\/www.betigazte.net\/index.php?rest_route=\/wp\/v2\/posts\/8607\/revisions"}],"predecessor-version":[{"id":8609,"href":"http:\/\/www.betigazte.net\/index.php?rest_route=\/wp\/v2\/posts\/8607\/revisions\/8609"}],"wp:featuredmedia":[{"embeddable":true,"href":"http:\/\/www.betigazte.net\/index.php?rest_route=\/wp\/v2\/media\/8603"}],"wp:attachment":[{"href":"http:\/\/www.betigazte.net\/index.php?rest_route=%2Fwp%2Fv2%2Fmedia&parent=8607"}],"wp:term":[{"taxonomy":"category","embeddable":true,"href":"http:\/\/www.betigazte.net\/index.php?rest_route=%2Fwp%2Fv2%2Fcategories&post=8607"},{"taxonomy":"post_tag","embeddable":true,"href":"http:\/\/www.betigazte.net\/index.php?rest_route=%2Fwp%2Fv2%2Ftags&post=8607"}],"curies":[{"name":"wp","href":"https:\/\/api.w.org\/{rel}","templated":true}]}}