{"id":8614,"date":"2026-01-04T10:07:38","date_gmt":"2026-01-04T10:07:38","guid":{"rendered":"http:\/\/www.betigazte.net\/?p=8614"},"modified":"2026-01-04T10:07:39","modified_gmt":"2026-01-04T10:07:39","slug":"salida-montanera-arantzako-zirkoa","status":"publish","type":"post","link":"http:\/\/www.betigazte.net\/?p=8614","title":{"rendered":"SALIDA MONTA\u00d1ERA ARANTZAKO ZIRKOA"},"content":{"rendered":"\n<p>El pr\u00f3ximo 6 de enero, martes, celebraremos la salida monta\u00f1era Arantzako Zirkoa. Quedaremos a las 7:30 en Plaza Zaharra y, de ah\u00ed, iremos en coches hasta Arantza, para comenzar la vuelta por los montes del pueblo. <\/p>\n\n\n\n<p>\u00a1Animaos a participar en la primera salida monta\u00f1era del a\u00f1o!<\/p>\n","protected":false},"excerpt":{"rendered":"<p>El pr\u00f3ximo 6 de enero, martes, celebraremos la salida monta\u00f1era Arantzako Zirkoa. Quedaremos a las 7:30 en Plaza Zaharra y, de ah\u00ed, iremos en coches hasta Arantza, para comenzar la vuelta por los montes del pueblo. \u00a1Animaos a participar en&#8230; <a class=\"more-link\" href=\"http:\/\/www.betigazte.net\/?p=8614\">Seguir leyendo &rarr;<\/a><\/p>\n","protected":false},"author":5,"featured_media":8611,"comment_status":"open","ping_status":"open","sticky":false,"template":"","format":"standard","meta":{"spay_email":"","footnotes":"","jetpack_publicize_message":"","jetpack_is_tweetstorm":false,"jetpack_publicize_feature_enabled":true},"categories":[2],"tags":[],"class_list":["post-8614","post","type-post","status-publish","format-standard","has-post-thumbnail","hentry","category-sin-categoria-es"],"jetpack_featured_media_url":"http:\/\/www.betigazte.net\/wp-content\/uploads\/2026\/01\/Mendi-Irteerak.jpg","jetpack_publicize_connections":[],"jetpack_sharing_enabled":true,"jetpack_shortlink":"https:\/\/wp.me\/p9WiWE-2eW","_links":{"self":[{"href":"http:\/\/www.betigazte.net\/index.php?rest_route=\/wp\/v2\/posts\/8614","targetHints":{"allow":["GET"]}}],"collection":[{"href":"http:\/\/www.betigazte.net\/index.php?rest_route=\/wp\/v2\/posts"}],"about":[{"href":"http:\/\/www.betigazte.net\/index.php?rest_route=\/wp\/v2\/types\/post"}],"author":[{"embeddable":true,"href":"http:\/\/www.betigazte.net\/index.php?rest_route=\/wp\/v2\/users\/5"}],"replies":[{"embeddable":true,"href":"http:\/\/www.betigazte.net\/index.php?rest_route=%2Fwp%2Fv2%2Fcomments&post=8614"}],"version-history":[{"count":1,"href":"http:\/\/www.betigazte.net\/index.php?rest_route=\/wp\/v2\/posts\/8614\/revisions"}],"predecessor-version":[{"id":8615,"href":"http:\/\/www.betigazte.net\/index.php?rest_route=\/wp\/v2\/posts\/8614\/revisions\/8615"}],"wp:featuredmedia":[{"embeddable":true,"href":"http:\/\/www.betigazte.net\/index.php?rest_route=\/wp\/v2\/media\/8611"}],"wp:attachment":[{"href":"http:\/\/www.betigazte.net\/index.php?rest_route=%2Fwp%2Fv2%2Fmedia&parent=8614"}],"wp:term":[{"taxonomy":"category","embeddable":true,"href":"http:\/\/www.betigazte.net\/index.php?rest_route=%2Fwp%2Fv2%2Fcategories&post=8614"},{"taxonomy":"post_tag","embeddable":true,"href":"http:\/\/www.betigazte.net\/index.php?rest_route=%2Fwp%2Fv2%2Ftags&post=8614"}],"curies":[{"name":"wp","href":"https:\/\/api.w.org\/{rel}","templated":true}]}}