{"id":8714,"date":"2026-03-11T11:08:35","date_gmt":"2026-03-11T11:08:35","guid":{"rendered":"http:\/\/www.betigazte.net\/?p=8714"},"modified":"2026-03-11T11:08:36","modified_gmt":"2026-03-11T11:08:36","slug":"la-lml-2026-contara-con-350-participantes","status":"publish","type":"post","link":"http:\/\/www.betigazte.net\/?p=8714","title":{"rendered":"LA LML 2026 CONTAR\u00c1 CON 350 PARTICIPANTES"},"content":{"rendered":"\n<p>La&nbsp;VII Lesakako Mendi Lasterketa, organizada por&nbsp;Beti Gazte Elkartea, se celebrar\u00e1 el pr\u00f3ximo&nbsp;domingo 15 de marzo en Lesaka. La carrera de monta\u00f1a, que contin\u00faa consolid\u00e1ndose a\u00f1o tras a\u00f1o, reunir\u00e1 en esta edici\u00f3n a&nbsp;350 corredores y corredoras.<\/p>\n\n\n\n<p>El inter\u00e9s por participar ha vuelto a ser muy alto.&nbsp;Los dorsales iniciales se agotaron en apenas 20 d\u00edas&nbsp;y, ante la demanda existente, la organizaci\u00f3n decidi\u00f3&nbsp;poner a disposici\u00f3n 50 dorsales adicionales, que tambi\u00e9n&nbsp;se agotaron en pocos d\u00edas.<\/p>\n\n\n\n<p>La prueba contar\u00e1 con&nbsp;un recorrido de 14 kil\u00f3metros y 900 metros de desnivel positivo,&nbsp;al igual que en ediciones anteriores. Aunque este a\u00f1o se ha realizado&nbsp;una peque\u00f1a variaci\u00f3n en el trazado, los participantes ascender\u00e1n a las monta\u00f1as&nbsp;Frain y Unanua, dos de los puntos m\u00e1s emblem\u00e1ticos del entorno de Lesaka.<\/p>\n\n\n\n<p>La carrera cuenta con el apoyo de la&nbsp;Federaci\u00f3n Navarra de Monta\u00f1a y Escalada, y adem\u00e1s&nbsp;punt\u00faa para la Copa del Circuito Navarro de Carreras por Monta\u00f1a, competici\u00f3n organizada por la propia federaci\u00f3n.<\/p>\n\n\n\n<p>En cuanto al patrocinio,&nbsp;Sasoi&nbsp;es el&nbsp;patrocinador principal&nbsp;de la prueba. Asimismo, diferentes empresas y comercios de Lesaka y de la zona colaboran con el evento. Entre ellos se encuentran&nbsp;Martiko, Lacturale, Alco, Gora Sportwear y el Ayuntamiento de Lesaka.<\/p>\n\n\n\n<p>Adem\u00e1s,&nbsp;Arantza Hotela, tambi\u00e9n patrocinador de la carrera, otorgar\u00e1&nbsp;un premio especial al corredor o corredora que consiga batir el r\u00e9cord absoluto de la prueba, tanto en categor\u00eda masculina como femenina, en caso de que se logre una nueva marca.<\/p>\n\n\n\n<p>Como en ediciones anteriores, el ambiente festivo tambi\u00e9n estar\u00e1 presente durante la jornada. A lo largo del recorrido los corredores contar\u00e1n con&nbsp;animaci\u00f3n musical con txaranga y trikitixa, mientras que en la&nbsp;meta habr\u00e1 un DJ&nbsp;para cerrar la jornada con m\u00fasica.<\/p>\n\n\n\n<p>Desde la organizaci\u00f3n animan a vecinos, vecinas y aficionados al deporte de monta\u00f1a a acercarse el domingo a los distintos puntos del recorrido para&nbsp;disfrutar del ambiente y apoyar a los corredores y corredoras, siempre respetando el entorno natural.<\/p>\n","protected":false},"excerpt":{"rendered":"<p>La&nbsp;VII Lesakako Mendi Lasterketa, organizada por&nbsp;Beti Gazte Elkartea, se celebrar\u00e1 el pr\u00f3ximo&nbsp;domingo 15 de marzo en Lesaka. La carrera de monta\u00f1a, que contin\u00faa consolid\u00e1ndose a\u00f1o tras a\u00f1o, reunir\u00e1 en esta edici\u00f3n a&nbsp;350 corredores y corredoras. El inter\u00e9s por participar ha&#8230; <a class=\"more-link\" href=\"http:\/\/www.betigazte.net\/?p=8714\">Seguir leyendo &rarr;<\/a><\/p>\n","protected":false},"author":5,"featured_media":8711,"comment_status":"open","ping_status":"open","sticky":false,"template":"","format":"standard","meta":{"spay_email":"","footnotes":"","jetpack_publicize_message":"","jetpack_is_tweetstorm":false,"jetpack_publicize_feature_enabled":true},"categories":[2],"tags":[],"class_list":["post-8714","post","type-post","status-publish","format-standard","has-post-thumbnail","hentry","category-sin-categoria-es"],"jetpack_featured_media_url":"http:\/\/www.betigazte.net\/wp-content\/uploads\/2026\/03\/0PS1640.jpg","jetpack_publicize_connections":[],"jetpack_sharing_enabled":true,"jetpack_shortlink":"https:\/\/wp.me\/p9WiWE-2gy","_links":{"self":[{"href":"http:\/\/www.betigazte.net\/index.php?rest_route=\/wp\/v2\/posts\/8714","targetHints":{"allow":["GET"]}}],"collection":[{"href":"http:\/\/www.betigazte.net\/index.php?rest_route=\/wp\/v2\/posts"}],"about":[{"href":"http:\/\/www.betigazte.net\/index.php?rest_route=\/wp\/v2\/types\/post"}],"author":[{"embeddable":true,"href":"http:\/\/www.betigazte.net\/index.php?rest_route=\/wp\/v2\/users\/5"}],"replies":[{"embeddable":true,"href":"http:\/\/www.betigazte.net\/index.php?rest_route=%2Fwp%2Fv2%2Fcomments&post=8714"}],"version-history":[{"count":1,"href":"http:\/\/www.betigazte.net\/index.php?rest_route=\/wp\/v2\/posts\/8714\/revisions"}],"predecessor-version":[{"id":8715,"href":"http:\/\/www.betigazte.net\/index.php?rest_route=\/wp\/v2\/posts\/8714\/revisions\/8715"}],"wp:featuredmedia":[{"embeddable":true,"href":"http:\/\/www.betigazte.net\/index.php?rest_route=\/wp\/v2\/media\/8711"}],"wp:attachment":[{"href":"http:\/\/www.betigazte.net\/index.php?rest_route=%2Fwp%2Fv2%2Fmedia&parent=8714"}],"wp:term":[{"taxonomy":"category","embeddable":true,"href":"http:\/\/www.betigazte.net\/index.php?rest_route=%2Fwp%2Fv2%2Fcategories&post=8714"},{"taxonomy":"post_tag","embeddable":true,"href":"http:\/\/www.betigazte.net\/index.php?rest_route=%2Fwp%2Fv2%2Ftags&post=8714"}],"curies":[{"name":"wp","href":"https:\/\/api.w.org\/{rel}","templated":true}]}}