{"id":8720,"date":"2026-03-12T09:17:19","date_gmt":"2026-03-12T09:17:19","guid":{"rendered":"http:\/\/www.betigazte.net\/?p=8720"},"modified":"2026-03-12T09:17:21","modified_gmt":"2026-03-12T09:17:21","slug":"charlas-con-andoni-esparza","status":"publish","type":"post","link":"http:\/\/www.betigazte.net\/?p=8720","title":{"rendered":"CHARLAS CON ANDONI ESPARZA"},"content":{"rendered":"\n<p>Beti Gazte ha organizado este mes unas nuevas charlas, en este caso con Andoni Esparza, sobre jardines e historia. Habr\u00e1 dos charlas, en dos idiomas. La primera ser\u00e1 el mi\u00e9rcoles 18 de marzo, en euskera, y la segunda el s\u00e1bado 21 de marzo, en castellano. En ambos casos, la cita ser\u00e1 en la Biblioteca, a las 18:00.<\/p>\n\n\n\n<p>\u00a1Animaos!<\/p>\n","protected":false},"excerpt":{"rendered":"<p>Beti Gazte ha organizado este mes unas nuevas charlas, en este caso con Andoni Esparza, sobre jardines e historia. Habr\u00e1 dos charlas, en dos idiomas. La primera ser\u00e1 el mi\u00e9rcoles 18 de marzo, en euskera, y la segunda el s\u00e1bado&#8230; <a class=\"more-link\" href=\"http:\/\/www.betigazte.net\/?p=8720\">Seguir leyendo &rarr;<\/a><\/p>\n","protected":false},"author":5,"featured_media":8717,"comment_status":"open","ping_status":"open","sticky":false,"template":"","format":"standard","meta":{"spay_email":"","footnotes":"","jetpack_publicize_message":"","jetpack_is_tweetstorm":false,"jetpack_publicize_feature_enabled":true},"categories":[2],"tags":[],"class_list":["post-8720","post","type-post","status-publish","format-standard","has-post-thumbnail","hentry","category-sin-categoria-es"],"jetpack_featured_media_url":"http:\/\/www.betigazte.net\/wp-content\/uploads\/2026\/03\/HITZALDIA-charla-1.jpg","jetpack_publicize_connections":[],"jetpack_sharing_enabled":true,"jetpack_shortlink":"https:\/\/wp.me\/p9WiWE-2gE","_links":{"self":[{"href":"http:\/\/www.betigazte.net\/index.php?rest_route=\/wp\/v2\/posts\/8720","targetHints":{"allow":["GET"]}}],"collection":[{"href":"http:\/\/www.betigazte.net\/index.php?rest_route=\/wp\/v2\/posts"}],"about":[{"href":"http:\/\/www.betigazte.net\/index.php?rest_route=\/wp\/v2\/types\/post"}],"author":[{"embeddable":true,"href":"http:\/\/www.betigazte.net\/index.php?rest_route=\/wp\/v2\/users\/5"}],"replies":[{"embeddable":true,"href":"http:\/\/www.betigazte.net\/index.php?rest_route=%2Fwp%2Fv2%2Fcomments&post=8720"}],"version-history":[{"count":1,"href":"http:\/\/www.betigazte.net\/index.php?rest_route=\/wp\/v2\/posts\/8720\/revisions"}],"predecessor-version":[{"id":8721,"href":"http:\/\/www.betigazte.net\/index.php?rest_route=\/wp\/v2\/posts\/8720\/revisions\/8721"}],"wp:featuredmedia":[{"embeddable":true,"href":"http:\/\/www.betigazte.net\/index.php?rest_route=\/wp\/v2\/media\/8717"}],"wp:attachment":[{"href":"http:\/\/www.betigazte.net\/index.php?rest_route=%2Fwp%2Fv2%2Fmedia&parent=8720"}],"wp:term":[{"taxonomy":"category","embeddable":true,"href":"http:\/\/www.betigazte.net\/index.php?rest_route=%2Fwp%2Fv2%2Fcategories&post=8720"},{"taxonomy":"post_tag","embeddable":true,"href":"http:\/\/www.betigazte.net\/index.php?rest_route=%2Fwp%2Fv2%2Ftags&post=8720"}],"curies":[{"name":"wp","href":"https:\/\/api.w.org\/{rel}","templated":true}]}}